{"id":10,"date":"2006-07-09T14:13:00","date_gmt":"2006-07-09T13:13:00","guid":{"rendered":"http:\/\/blog.tiendadeultramarinos.es\/?p=10"},"modified":"2006-07-09T14:13:00","modified_gmt":"2006-07-09T13:13:00","slug":"reflexion-sobre-el-papa-y-el-rey","status":"publish","type":"post","link":"https:\/\/www.tiendadeultramarinos.es\/?p=10","title":{"rendered":"Reflexi\u00f3n sobre el Papa y el Rey"},"content":{"rendered":"<p>Pues ayer viendo las noticias dijeron textualmente y en repetidas ocasiones que \u00abFulanito fue recibido por el Papa\u00bb. Donde Fulanito representa una figura de importante cargo en nuestro pa\u00eds. Y yo flipando.<\/p>\n<p>Bueno, contextualizemos, hace dos d\u00edas el nuevo Papa Benedicto XVI acudi\u00f3 a Espa\u00f1a en una de las visitas que los Papas suelen hacer. Y resulta que aunque venga a Espa\u00f1a, \u00e9l recibe a Su Majestad el Rey Don Juan Carlos y al Presidente del Gobierno Jos\u00e9 Luis Rodriguez Zapatero. \u00bfWHAT THE FUCK?!!! que dir\u00edan en <a href=\"http:\/\/www.microsiervos.com\/\">Microsiervos<\/a>.<br \/>De toda la vida, cuando alguien va a casa de otro, es este otro qui\u00e9n recibe al primero y no al rev\u00e9s. Cuando Jacques Chirac viene a Espa\u00f1a \u00abZapatero recibe a Chirac\u00bb. Cuando Zapatero vaya a Alemania ser\u00e1 cuando se diga que \u00abGerard Schr\u00f6eder reciba a Zapatero\u00bb.<br \/>Pues el Papa, por mucho contacto que diga tener con Dios, no deja de ser otro jefe de estado, representante de un pa\u00eds, y si viene a Espa\u00f1a, ser\u00e1 Juan Carlos qui\u00e9n reciba a Benedicto, y no al rev\u00e9s.<\/p>\n<p>Porque manda cojones que en mi propia casa me reciba un visitante.<br \/><span style=\"font-size:-1;\"><\/span><\/p>\n<div id=\"tefake11764356018\" style=\"display: none;\"><div id=\"tefake21764356018\" style=\"display: none;\"><\/div><\/div>","protected":false},"excerpt":{"rendered":"<p>Pues ayer viendo las noticias dijeron textualmente y en repetidas ocasiones que \u00abFulanito fue recibido por el Papa\u00bb. Donde Fulanito representa una figura de importante cargo en nuestro pa\u00eds. Y yo flipando. Bueno, contextualizemos, hace dos d\u00edas el nuevo Papa Benedicto XVI acudi\u00f3 a Espa\u00f1a en una de las visitas que los Papas suelen hacer. &hellip; <\/p>\n<p class=\"link-more\"><a href=\"https:\/\/www.tiendadeultramarinos.es\/?p=10\" class=\"more-link\">Seguir leyendo<span class=\"screen-reader-text\"> \u00abReflexi\u00f3n sobre el Papa y el Rey\u00bb<\/span><\/a><\/p>\n","protected":false},"author":1,"featured_media":0,"comment_status":"open","ping_status":"open","sticky":false,"template":"","format":"standard","meta":{"footnotes":""},"categories":[9,8],"tags":[],"class_list":["post-10","post","type-post","status-publish","format-standard","hentry","category-politica","category-reflexiones","entry"],"_links":{"self":[{"href":"https:\/\/www.tiendadeultramarinos.es\/index.php?rest_route=\/wp\/v2\/posts\/10","targetHints":{"allow":["GET"]}}],"collection":[{"href":"https:\/\/www.tiendadeultramarinos.es\/index.php?rest_route=\/wp\/v2\/posts"}],"about":[{"href":"https:\/\/www.tiendadeultramarinos.es\/index.php?rest_route=\/wp\/v2\/types\/post"}],"author":[{"embeddable":true,"href":"https:\/\/www.tiendadeultramarinos.es\/index.php?rest_route=\/wp\/v2\/users\/1"}],"replies":[{"embeddable":true,"href":"https:\/\/www.tiendadeultramarinos.es\/index.php?rest_route=%2Fwp%2Fv2%2Fcomments&post=10"}],"version-history":[{"count":0,"href":"https:\/\/www.tiendadeultramarinos.es\/index.php?rest_route=\/wp\/v2\/posts\/10\/revisions"}],"wp:attachment":[{"href":"https:\/\/www.tiendadeultramarinos.es\/index.php?rest_route=%2Fwp%2Fv2%2Fmedia&parent=10"}],"wp:term":[{"taxonomy":"category","embeddable":true,"href":"https:\/\/www.tiendadeultramarinos.es\/index.php?rest_route=%2Fwp%2Fv2%2Fcategories&post=10"},{"taxonomy":"post_tag","embeddable":true,"href":"https:\/\/www.tiendadeultramarinos.es\/index.php?rest_route=%2Fwp%2Fv2%2Ftags&post=10"}],"curies":[{"name":"wp","href":"https:\/\/api.w.org\/{rel}","templated":true}]}}