{"id":1272,"date":"2010-08-24T17:54:09","date_gmt":"2010-08-24T15:54:09","guid":{"rendered":"http:\/\/www.tiendadeultramarinos.es\/?p=1272"},"modified":"2010-08-25T10:40:34","modified_gmt":"2010-08-25T08:40:34","slug":"la-navidad-segun-hesse","status":"publish","type":"post","link":"https:\/\/www.tiendadeultramarinos.es\/?p=1272","title":{"rendered":"La Navidad seg\u00fan Hesse"},"content":{"rendered":"<blockquote><p>\u00ab<em>La Navidad es una suma, un almac\u00e9n de regalos de todos los sentimentalismos y mendacidades burgueses. Es un motivo de desenfrenadas org\u00edas para la industria y el comercio, el art\u00edculo m\u00e1s sensacional de los almacenes, huele a hojalata lacada, a ramas de abeto y a gram\u00f3fonos, a agotados carteros y chicos de reparto que murmuran por lo bajo, a alborotadas fiestas familiares bajo el \u00e1rbol engalanado, a suplementos de los peri\u00f3dicos y a una gran publicidad; en resumen, a mil cosas que me resultan extremadamente odiosas y que me ser\u00edan indiferentes y rid\u00edculas si no hicieran un uso tan lamentable del nombre del Salvador y del recuerdo de nuestros a\u00f1os m\u00e1s tiernos.<\/em>\u00bb<\/p><\/blockquote>\n<p style=\"text-align: right;\">\u2014<strong><em>Hermann Hesse (1927))<\/em><\/strong><\/p>\n<p>Hay cosas en las que no cambiamos en mucho tiempo. Despu\u00e9s de 80 a\u00f1os la cr\u00edtica al consumismo y los grandes almacenes durante la Navidad sigue siendo la misma que se hace hoy en d\u00eda.<\/p>\n<div id=\"tefake11279032847\" style=\"display: none;\"><div id=\"tefake21279032847\" style=\"display: none;\"><\/div><\/div>","protected":false},"excerpt":{"rendered":"<p>\u00abLa Navidad es una suma, un almac\u00e9n de regalos de todos los sentimentalismos y mendacidades burgueses. Es un motivo de desenfrenadas org\u00edas para la industria y el comercio, el art\u00edculo m\u00e1s sensacional de los almacenes, huele a hojalata lacada, a ramas de abeto y a gram\u00f3fonos, a agotados carteros y chicos de reparto que murmuran &hellip; <\/p>\n<p class=\"link-more\"><a href=\"https:\/\/www.tiendadeultramarinos.es\/?p=1272\" class=\"more-link\">Seguir leyendo<span class=\"screen-reader-text\"> \u00abLa Navidad seg\u00fan Hesse\u00bb<\/span><\/a><\/p>\n","protected":false},"author":1,"featured_media":0,"comment_status":"open","ping_status":"open","sticky":false,"template":"","format":"standard","meta":{"footnotes":""},"categories":[7],"tags":[648,701,772,681],"class_list":["post-1272","post","type-post","status-publish","format-standard","hentry","category-artes-y-letras","tag-critica","tag-navidad","tag-reflexiones","tag-religion","entry"],"_links":{"self":[{"href":"https:\/\/www.tiendadeultramarinos.es\/index.php?rest_route=\/wp\/v2\/posts\/1272","targetHints":{"allow":["GET"]}}],"collection":[{"href":"https:\/\/www.tiendadeultramarinos.es\/index.php?rest_route=\/wp\/v2\/posts"}],"about":[{"href":"https:\/\/www.tiendadeultramarinos.es\/index.php?rest_route=\/wp\/v2\/types\/post"}],"author":[{"embeddable":true,"href":"https:\/\/www.tiendadeultramarinos.es\/index.php?rest_route=\/wp\/v2\/users\/1"}],"replies":[{"embeddable":true,"href":"https:\/\/www.tiendadeultramarinos.es\/index.php?rest_route=%2Fwp%2Fv2%2Fcomments&post=1272"}],"version-history":[{"count":2,"href":"https:\/\/www.tiendadeultramarinos.es\/index.php?rest_route=\/wp\/v2\/posts\/1272\/revisions"}],"predecessor-version":[{"id":1274,"href":"https:\/\/www.tiendadeultramarinos.es\/index.php?rest_route=\/wp\/v2\/posts\/1272\/revisions\/1274"}],"wp:attachment":[{"href":"https:\/\/www.tiendadeultramarinos.es\/index.php?rest_route=%2Fwp%2Fv2%2Fmedia&parent=1272"}],"wp:term":[{"taxonomy":"category","embeddable":true,"href":"https:\/\/www.tiendadeultramarinos.es\/index.php?rest_route=%2Fwp%2Fv2%2Fcategories&post=1272"},{"taxonomy":"post_tag","embeddable":true,"href":"https:\/\/www.tiendadeultramarinos.es\/index.php?rest_route=%2Fwp%2Fv2%2Ftags&post=1272"}],"curies":[{"name":"wp","href":"https:\/\/api.w.org\/{rel}","templated":true}]}}