{"id":146,"date":"2006-12-07T19:48:00","date_gmt":"2006-12-07T18:48:00","guid":{"rendered":"http:\/\/blog.tiendadeultramarinos.es\/?p=146"},"modified":"2006-12-07T19:48:00","modified_gmt":"2006-12-07T18:48:00","slug":"nuestros-nuevos-amos-reverte","status":"publish","type":"post","link":"https:\/\/www.tiendadeultramarinos.es\/?p=146","title":{"rendered":"Nuestros nuevos amos (Reverte)"},"content":{"rendered":"<p>El lunes le\u00ed el art\u00edculo de este domingo de Arturo P\u00e9rez Reverte en El Semanal XL y no puedo m\u00e1s que copiarlo aqu\u00ed suscribiendo todas y cada una de sus palabras.<br \/>Hace tiempo que ya estoy harto de esa sarta de embusteros aprovechados que manejan el cotarro en nuestro pa\u00eds y en el resto del mundo. Cada frase que Arturo expone es una lectura directa de mi cerebro. Disfruten con su lectura, caballeros.<\/p>\n<hr \/>\n<p><b style=\"font-family: verdana;\">A los espa\u00f1oles nos destrozaron la vida reyes,<\/b><span style=\"font-family: verdana;\"> arist\u00f3cratas, curas y generales. Bajo su dominio discurrimos dando bandazos, de miseria en miseria y de navajazo en navajazo, a causa de la incultura y la brutalidad que impusieron unos y otros. Para ellos s\u00f3lo fuimos carne de ca\u00f1\u00f3n, reba\u00f1o listo para el matadero o el pared\u00f3n seg\u00fan las necesidades de cada momento. Situaci\u00f3n a la que en absoluto fuimos ajenos, pues aqu\u00ed nunca hubo inocentes. Nuestros reyes, nuestros curas y nuestros generales eran de la misma madre que nos pari\u00f3. Espa\u00f1oles, a fin de cuentas, con corona, sotana o espada. Y todos, incluso los peores, murieron en la cama. Cada pueblo merece la historia y los gobernantes que tiene. <\/span><\/p><a name=\"teMiddle271520000\"><\/a><div class=\"te_div\" id=\"te271520000\">\n<p><b style=\"font-family: verdana;\">Ciertas cosas no han cambiado. Pas\u00f3 el tiempo<\/b><span style=\"font-family: verdana;\"> en que los reyes nos esquilmaban, los curas reg\u00edan la vida familiar y social, y los generales nos hac\u00edan marcar el paso. Ahora vivimos en democracia. Pero sigue siendo el nuestro un esperpento fiel a las tradiciones. Contaminada de nosotros mismos, la democracia espa\u00f1ola es incompleta y sectaria. Ignora el respeto por el adversario; y la incultura, la ruindad insolidaria, la demagogia y la estupidez envenenan cuanto de noble hay en la vieja palabra. Seguimos siendo tan fieles a lo que somos, que a falta de reyes que nos desgobiernen, de curas que nos quemen o rijan nuestra vida, de generales que proh\u00edban libros y nos fusilen al amanecer, hemos sabido dotarnos de una nueva casta que, acomod\u00e1ndola al tiempo en que vivimos, mantiene viva la vieja costumbre de chuparnos la sangre. Nos muerden los mismos perros infames, aunque con distintos nombres y collares. Si antes eran otros quienes fabricaban a su medida una Espa\u00f1a donde medrar y gobernar, hoy es la clase pol\u00edtica la que ha ido organiz\u00e1ndose el cortijo, transform\u00e1ndolo a su imagen y semejanza, seg\u00fan sus necesidades, sus ambiciones, sus bellacos pasteleos. \u00c9sa es la nueva aristocracia espa\u00f1ola, encantada, adem\u00e1s, de haberse conocido. No hay m\u00e1s que verlos con sus corbatas fosforito y su sonriente desverg\u00fcenza a mano derecha, con su inane gravedad de tontos solemnes a mano izquierda, con su ruin y bajuno descaro los nacionalistas, con su alelado vaiv\u00e9n mercenario los dem\u00e1s, siempre a ver c\u00f3mo ponen la mano y lo que cae. Sin rubor y sin tasa. <\/span><\/p>\n<p><b style=\"font-family: verdana;\">En Espa\u00f1a, la de pol\u00edtico debe de ser<\/b><span style=\"font-family: verdana;\"> una de las escasas profesiones para la que no hace falta tener el bachillerato. Se pone de manifiesto en el continuo rizar el rizo, legislatura tras legislatura, de la mala educaci\u00f3n, la ausencia de maneras y el desconocimiento de los principios elementales de la gram\u00e1tica, la sintaxis, los ciudadanos y ciudadanas, el lenguaje sexista o no sexista, la memoria hist\u00f3rica, la econom\u00eda, el derecho, la ciencia, la diplomacia. Y encima de cantama\u00f1as, chulos. Osan pedir cuentas a la Justicia, a la Real Academia Espa\u00f1ola o a la de la Historia, a cualquier instituci\u00f3n sabia, respetable y necesaria, por no plegarse a sus oportunismos, enjuagues y demagogias. Vivimos en pleno disparate. Cualquier paleto mierdecilla, cualquier leguleyo marrullero, son capaces de llev\u00e1rselo todo por delante por un voto o una legislatura. Saben que nadie pide cuentas. Se atreven a todo porque todo lo ignoran, y porque le han cogido el tranquillo a la impunidad en este pa\u00eds miserable, cobarde, que nada exige a sus pol\u00edticos pues nada se exige a s\u00ed mismo. <\/span><\/p>\n<p><b style=\"font-family: verdana;\">Nos han tomado perfectas las medidas, porque la incultura,<\/b><span style=\"font-family: verdana;\"> la cobard\u00eda y la estupidez no est\u00e1n re\u00f1idas con la astucia. Hay imb\u00e9ciles analfabetos con disposici\u00f3n natural a medrar y a sobrevivir, para quienes esta torpe y acomplejada Espa\u00f1a es el para\u00edso. Y as\u00ed, tras la a\u00f1ada de pol\u00edticos admirables que tanta esperanza nos dieron, ha tomado el relevo esta generaci\u00f3n de trileros profesionales que no vivieron el franquismo, la clandestinidad ni la Transici\u00f3n, mediocres funcionarios de partido que tampoco han trabajado en su vida, ni tienen intenci\u00f3n de hacerlo. Gente sin el menor v\u00ednculo con el mundo real que hay m\u00e1s all\u00e1 de las siglas que los cobijan, autistas profesionales que s\u00f3lo frecuentan a compadres y c\u00f3mplices, nutri\u00e9ndose de ellos y entre ellos. Salvo algunas escasas y dign\u00edsimas excepciones, la democracia espa\u00f1ola est\u00e1 infestada de una gentuza que en otros pa\u00edses o circunstancias jam\u00e1s habr\u00eda puesto sus sucias manos en el manejo de presupuestos o en la redacci\u00f3n de un estatuto. Pero ah\u00ed est\u00e1n ellos: oportunistas aupados por el negocio del pelotazo auton\u00f3mico, poceros de la pol\u00edtica. Los nuevos amos de Espa\u00f1a.<\/span><\/p>\n<\/div><p style=\"text-align: center;\"><a style=\"display:none;\" class=\"theTag\" id=\"te271520000\" onClick=\"expand('#te271520000');\" href=\"#teMiddle271520000\"><\/a><\/p><script language=\"JavaScript\" type=\"text\/javascript\">expander_hide('#te271520000');<\/script>","protected":false},"excerpt":{"rendered":"<p>El lunes le\u00ed el art\u00edculo de este domingo de Arturo P\u00e9rez Reverte en El Semanal XL y no puedo m\u00e1s que copiarlo aqu\u00ed suscribiendo todas y cada una de sus palabras.Hace tiempo que ya estoy harto de esa sarta de embusteros aprovechados que manejan el cotarro en nuestro pa\u00eds y en el resto del mundo. &hellip; <\/p>\n<p class=\"link-more\"><a href=\"https:\/\/www.tiendadeultramarinos.es\/?p=146\" class=\"more-link\">Seguir leyendo<span class=\"screen-reader-text\"> \u00abNuestros nuevos amos (Reverte)\u00bb<\/span><\/a><\/p>\n","protected":false},"author":1,"featured_media":0,"comment_status":"open","ping_status":"open","sticky":false,"template":"","format":"standard","meta":{"footnotes":""},"categories":[7,9,8],"tags":[],"class_list":["post-146","post","type-post","status-publish","format-standard","hentry","category-artes-y-letras","category-politica","category-reflexiones","entry"],"_links":{"self":[{"href":"https:\/\/www.tiendadeultramarinos.es\/index.php?rest_route=\/wp\/v2\/posts\/146","targetHints":{"allow":["GET"]}}],"collection":[{"href":"https:\/\/www.tiendadeultramarinos.es\/index.php?rest_route=\/wp\/v2\/posts"}],"about":[{"href":"https:\/\/www.tiendadeultramarinos.es\/index.php?rest_route=\/wp\/v2\/types\/post"}],"author":[{"embeddable":true,"href":"https:\/\/www.tiendadeultramarinos.es\/index.php?rest_route=\/wp\/v2\/users\/1"}],"replies":[{"embeddable":true,"href":"https:\/\/www.tiendadeultramarinos.es\/index.php?rest_route=%2Fwp%2Fv2%2Fcomments&post=146"}],"version-history":[{"count":0,"href":"https:\/\/www.tiendadeultramarinos.es\/index.php?rest_route=\/wp\/v2\/posts\/146\/revisions"}],"wp:attachment":[{"href":"https:\/\/www.tiendadeultramarinos.es\/index.php?rest_route=%2Fwp%2Fv2%2Fmedia&parent=146"}],"wp:term":[{"taxonomy":"category","embeddable":true,"href":"https:\/\/www.tiendadeultramarinos.es\/index.php?rest_route=%2Fwp%2Fv2%2Fcategories&post=146"},{"taxonomy":"post_tag","embeddable":true,"href":"https:\/\/www.tiendadeultramarinos.es\/index.php?rest_route=%2Fwp%2Fv2%2Ftags&post=146"}],"curies":[{"name":"wp","href":"https:\/\/api.w.org\/{rel}","templated":true}]}}