{"id":19,"date":"2006-07-14T00:19:00","date_gmt":"2006-07-13T23:19:00","guid":{"rendered":"http:\/\/blog.tiendadeultramarinos.es\/?p=19"},"modified":"2010-08-26T20:03:45","modified_gmt":"2010-08-26T18:03:45","slug":"bruselas-tengo-un-problema","status":"publish","type":"post","link":"https:\/\/www.tiendadeultramarinos.es\/?p=19","title":{"rendered":"Bruselas, tengo un problema"},"content":{"rendered":"<p>Bueno, en una selecci\u00f3n de los mejores art\u00edculos de esta semana, evidentemente, no pod\u00eda faltar Reverte. Quienes me conocen bien saben que para mi es Dios en la Tierra. Pocos dicen las Verdades que \u00c9l dice, y menos a\u00fan desprecian a los despreciables como \u00c9l lo hace.<\/p>\n<p>Est\u00e1 bien, quiz\u00e1s est\u00e9 exagerando un poco, pero realmente me encanta Reverte. Cuando leo algo suyo veo reflejado mi propio pensamiento por una pluma mejor que la mia. Es uno de los pocos que siguen creyendo en el Honor y la Caballerosidad, a\u00fan muchos a\u00f1os despu\u00e9s de haber sido sepultados por la imbecilidad humana, y junto a estos ideales, el Respeto \u2014por qui\u00e9n lo merece, por supuesto\u2014.<\/p><a name=\"teMiddle297370437\"><\/a><div class=\"te_div\" id=\"te297370437\">\n<p>Desde luego que las formas a veces son algo groseras, pero principalmente la ocasi\u00f3n lo merece, y hay qui\u00e9n le acusa de que est\u00e1 en contra de todo y de todos, y que esa es la posici\u00f3n m\u00e1s f\u00e1cil para escribir art\u00edculos de opini\u00f3n. Pero no siempre es as\u00ed. En m\u00e1s de una ocasi\u00f3n ha sabido alabar a amigos suyos, bien ya en el lecho de muerte, bien acabando de realizar algo de inter\u00e9s p\u00fablico, o bien porque simplemente se acordaba de ellos. Del mismo modo ha convertido en h\u00e9roes a ciudadanos an\u00f3nimos de barrio, o ha homenajeado a cualquier otro ciudadano desconocido. Por supuesto, estos art\u00edculos son los menos, pero en el mundo lleno de mierda en el que vivimos, es normal encontrar una alabanza por cada cien quejas, y a\u00fan me parecen demasiadas.<\/p>\n<p>Aqu\u00ed os dejo uno en el que se caga en lo que hemos convertido Espa\u00f1a entre todos \u2014y con raz\u00f3n\u2014, quiz\u00e1s m\u00e1s unos que otros, pero no creo que ninguno podamos tirar la primera piedra. Y yo me averg\u00fcenzo sin tan siquiera salir de casa.<\/p>\n<p><strong><\/strong><\/p>\n<blockquote style=\"font-family: arial;\"><p><strong>Tengo un problema. Viajo, salgo al extranjero.<\/strong> En aeropuertos y hoteles debo mostrar mi documento de identidad. Espa\u00f1a, pone de momento. Eso significa que cuando un recepcionista de hotel franc\u00e9s, una editora alemana o un periodista norteamericano me miran el careto, est\u00e1n viendo a un espa\u00f1ol. Y lo que es m\u00e1s grave: creen que est\u00e1n viendo a un espa\u00f1ol. A uno de los de ahora, ojo. El matiz es importante. [&#8230;] La gente ya no te mira compasiva, como durante la dictadura, ni simp\u00e1tica, como luego. Ahora unos te miran confusos, no sabiendo a qu\u00e9 atenerse, y otros con recelo, como diciendo: aqu\u00ed tenemos a otro de esos anormales.<\/p>\n<p><strong>Porque vaya manera de hacer el rid\u00edculo, la nuestra.<\/strong> Qu\u00e9 forma de exhibir el esperpento de nuestra estupidez. Porque si la basura nacional la guard\u00e1semos para uso interno, todav\u00eda. Pero no. Hacemos bandera de ella, onde\u00e1ndola sin rubor en cualquier foro exterior que se tercie. Ya me dir\u00e1n ustedes con qu\u00e9 cara te paseas por el mundo el mismo d\u00eda en que ocho eurodiputados espa\u00f1oles proponen al Consejo de Europa, a estas alturas de la feria, que declare el 18 de julio, aniversario del comienzo de una guerra civil espa\u00f1ola de hace setenta a\u00f1os, d\u00eda internacional de denuncia del franquismo. O mientras aqu\u00ed se aplaude a un fulano del IRA que hace chascarrillos p\u00fablicos sobre las leyes espa\u00f1olas -\u00bfimaginan a uno de Batasuna mof\u00e1ndose de la Justicia brit\u00e1nica en Inglaterra?-.<\/p><\/blockquote>\n<p>Como en los anteriores, s\u00f3lo os he copiado alg\u00fan fragmento para que sep\u00e1is qu\u00e9 vais a encontraros, y si os gusta, <a href=\"http:\/\/xlsemanal.finanzas.com\/web\/firma.php?id_firma=2790&amp;id_edicion=1167\">aqu\u00ed est\u00e1 el art\u00edculo entero<\/a>.<\/p>\n<\/div><p style=\"text-align: center;\"><a style=\"display:none;\" class=\"theTag\" id=\"te297370437\" onClick=\"expand('#te297370437');\" href=\"#teMiddle297370437\"><\/a><\/p><script language=\"JavaScript\" type=\"text\/javascript\">expander_hide('#te297370437');<\/script>","protected":false},"excerpt":{"rendered":"<p>Bueno, en una selecci\u00f3n de los mejores art\u00edculos de esta semana, evidentemente, no pod\u00eda faltar Reverte. Quienes me conocen bien saben que para mi es Dios en la Tierra. Pocos dicen las Verdades que \u00c9l dice, y menos a\u00fan desprecian a los despreciables como \u00c9l lo hace. Est\u00e1 bien, quiz\u00e1s est\u00e9 exagerando un poco, pero &hellip; <\/p>\n<p class=\"link-more\"><a href=\"https:\/\/www.tiendadeultramarinos.es\/?p=19\" class=\"more-link\">Seguir leyendo<span class=\"screen-reader-text\"> \u00abBruselas, tengo un problema\u00bb<\/span><\/a><\/p>\n","protected":false},"author":1,"featured_media":0,"comment_status":"open","ping_status":"open","sticky":false,"template":"","format":"standard","meta":{"footnotes":""},"categories":[7],"tags":[],"class_list":["post-19","post","type-post","status-publish","format-standard","hentry","category-artes-y-letras","entry"],"_links":{"self":[{"href":"https:\/\/www.tiendadeultramarinos.es\/index.php?rest_route=\/wp\/v2\/posts\/19","targetHints":{"allow":["GET"]}}],"collection":[{"href":"https:\/\/www.tiendadeultramarinos.es\/index.php?rest_route=\/wp\/v2\/posts"}],"about":[{"href":"https:\/\/www.tiendadeultramarinos.es\/index.php?rest_route=\/wp\/v2\/types\/post"}],"author":[{"embeddable":true,"href":"https:\/\/www.tiendadeultramarinos.es\/index.php?rest_route=\/wp\/v2\/users\/1"}],"replies":[{"embeddable":true,"href":"https:\/\/www.tiendadeultramarinos.es\/index.php?rest_route=%2Fwp%2Fv2%2Fcomments&post=19"}],"version-history":[{"count":2,"href":"https:\/\/www.tiendadeultramarinos.es\/index.php?rest_route=\/wp\/v2\/posts\/19\/revisions"}],"predecessor-version":[{"id":1323,"href":"https:\/\/www.tiendadeultramarinos.es\/index.php?rest_route=\/wp\/v2\/posts\/19\/revisions\/1323"}],"wp:attachment":[{"href":"https:\/\/www.tiendadeultramarinos.es\/index.php?rest_route=%2Fwp%2Fv2%2Fmedia&parent=19"}],"wp:term":[{"taxonomy":"category","embeddable":true,"href":"https:\/\/www.tiendadeultramarinos.es\/index.php?rest_route=%2Fwp%2Fv2%2Fcategories&post=19"},{"taxonomy":"post_tag","embeddable":true,"href":"https:\/\/www.tiendadeultramarinos.es\/index.php?rest_route=%2Fwp%2Fv2%2Ftags&post=19"}],"curies":[{"name":"wp","href":"https:\/\/api.w.org\/{rel}","templated":true}]}}