{"id":20,"date":"2006-07-14T09:02:00","date_gmt":"2006-07-14T08:02:00","guid":{"rendered":"http:\/\/blog.tiendadeultramarinos.es\/?p=20"},"modified":"2010-08-26T20:14:19","modified_gmt":"2010-08-26T18:14:19","slug":"espanol-cabal-o-rufian","status":"publish","type":"post","link":"https:\/\/www.tiendadeultramarinos.es\/?p=20","title":{"rendered":"Espa\u00f1ol cabal o rufian"},"content":{"rendered":"<p>Promet\u00ed dos m\u00e1s, pero he pensado que debo a\u00f1adir un \u00faltimo art\u00edculo para cerrar este \u00abrepaso\u00bb al fin de semana que he hecho en poco rato.<br \/>El caso es que, pese a que lo le\u00ed junto a los de <a href=\"http:\/\/tiendadeultramarinos.blogspot.com\/2006\/07\/bruselas-tengo-un-problema.html\">Reverte <\/a>y <a href=\"http:\/\/tiendadeultramarinos.blogspot.com\/2006\/07\/gran-simio.html\">Prada<\/a>, no me llam\u00f3 especialmente la atenci\u00f3n. S\u00ed, me gust\u00f3 y asent\u00eda con la cabeza mienrtas lo le\u00eda, pero no me pareci\u00f3 suficientemente interesante para ponerlo aqu\u00ed. Es un tema de sobras conocido por todos y no hace m\u00e1s que darle vueltas a lo mismo: las personas en grupo nos volvemos unos aut\u00e9nticos hijos de puta. Con todas las letras.<\/p>\n<p>El caso es que ayer por la noche termin\u00e9 de ver <a href=\"http:\/\/www.imdb.com\/title\/tt0079766\/\">Quadrophenia<\/a>, la pel\u00edcula basada en el disco hom\u00f3nimo de <a href=\"http:\/\/es.wikipedia.org\/wiki\/The_Who\">The Who<\/a>, la cual trata sobre la vida de un mod esquizofr\u00e9nico en los turbulentos a\u00f1os en que las peleas con los rockers estaban a la orden del d\u00eda. Es el mismo escenario de violenacia en el que se bas\u00f3 <a href=\"http:\/\/es.wikipedia.org\/wiki\/Anthony_Burgess\">Anthony Burgess<\/a> para escribir la <a href=\"http:\/\/www.bibliopolis.org\/resenas\/rese0233.htm\">Naranja Mec\u00e1nica<\/a> (<a href=\"http:\/\/www.ciencia-ficcion.com\/opinion\/op00532.htm\">2<\/a>), m\u00e1s conocida por todos quiz\u00e1s la <a href=\"http:\/\/www.imdb.com\/title\/tt0066921\/\">versi\u00f3n llevada al cine<\/a> de la mano del gran, gran, gran <a href=\"http:\/\/es.wikipedia.org\/wiki\/Stanley_Kubrick\">Stanley Kubrick<\/a>.<\/p><a name=\"teMiddle1387290128\"><\/a><div class=\"te_div\" id=\"te1387290128\">\n<p>Bueno, pues al final de la pel\u00edcula hay unas impresionantes peleas entre una cincuentena de mods y rockers, que hacen que el juez reflexione sobre que solos son unos cobardes y en grupo unos animales, que es b\u00e1sicamente lo que ves durante toda la pel\u00edcula. Ese alegato me hizo recordar el art\u00edculo de Javier Mar\u00edas \u2014<a href=\"http:\/\/tiendadeultramarinos.blogspot.com\/2006\/06\/javier-marias-entra-en-la-rae.html\">reciente miembro de la RAE<\/a>\u2014 al que no hab\u00eda prestado suficiente atenci\u00f3n por la tarde, as\u00ed que tras dar unas cuantas vueltas en mi cabeza decid\u00ed copiarlo aqu\u00ed junto a los otros.<\/p>\n<p>Insisto en que el tema puede estar un poco trillado y ser conocido por todos, pero no deja de ser igualmente importante y, llevado de la mano de Mar\u00edas, se hace a\u00fan m\u00e1s apetecible de leer. Y como no hay dos sin tres, all\u00e1 va:<\/p>\n<blockquote style=\"font-family: arial;\"><p>No recuerdo ahora la cita con exactitud, pero en alguna p\u00e1gina de su extraordinario Manual para viajeros por Espa\u00f1a, de 1845, dice el ingl\u00e9s Richard Ford, que sab\u00eda de lo que hablaba porque se recorri\u00f3 nuestro pa\u00eds entero a caballo, que a un solo espa\u00f1ol se le puede entregar y confiar todo, en la casi seguridad de que lo cuidar\u00e1 y guardar\u00e1 con la m\u00e1xima honradez y lo defender\u00e1 con su vida, si es preciso. [&#8230;] Sin embargo, ese mismo espa\u00f1ol, juntado con cinco compatriotas m\u00e1s \u2013no digamos con cincuenta\u2013, se convertir\u00e1 f\u00e1cilmente en un rufi\u00e1n.<br \/>Con todas las reservas debidas ante este tipo de generalizaciones, siempre he pensado que la observaci\u00f3n de Ford no era desatinada del todo, y me ha servido, durante a\u00f1os, para explicarme en parte nuestra tradicional tendencia al individualismo: tal vez no sea s\u00f3lo que no nos fiamos de los dem\u00e1s, sino que no nos fiamos de nosotros mismos con los dem\u00e1s, como si supi\u00e9ramos que en compa\u00f1\u00eda nos maleamos y nos hacemos peores, traicioneros, m\u00e1s brutos, menos escrupulosos, m\u00e1s ruines, menos valientes y honrados, unos bribones. Y adem\u00e1s, como tambi\u00e9n apuntara Ford, cuando estamos juntos nos peleamos, nos metemos el dedo en el ojo con causa o sin ella, somos hist\u00f3ricamente proclives a la desuni\u00f3n.<\/p><\/blockquote>\n<p>Como siempre, <a href=\"http:\/\/www.elpais.com\/articulo\/portada\/Espanol\/cabal\/rufian\/elpeputec\/20060709elpepspor_13\/Tes\">el art\u00edculo entero aqu\u00ed<\/a><a href=\"http:\/\/www.elpais.com\/solotexto\/articulo.html?xref=20060709elpepspor_13&amp;type=Tes&amp;k=Espanol_cabal_rufian\">.<\/a><\/p>\n<\/div><p style=\"text-align: center;\"><a style=\"display:none;\" class=\"theTag\" id=\"te1387290128\" onClick=\"expand('#te1387290128');\" href=\"#teMiddle1387290128\"><\/a><\/p><script language=\"JavaScript\" type=\"text\/javascript\">expander_hide('#te1387290128');<\/script>","protected":false},"excerpt":{"rendered":"<p>Promet\u00ed dos m\u00e1s, pero he pensado que debo a\u00f1adir un \u00faltimo art\u00edculo para cerrar este \u00abrepaso\u00bb al fin de semana que he hecho en poco rato.El caso es que, pese a que lo le\u00ed junto a los de Reverte y Prada, no me llam\u00f3 especialmente la atenci\u00f3n. S\u00ed, me gust\u00f3 y asent\u00eda con la cabeza &hellip; <\/p>\n<p class=\"link-more\"><a href=\"https:\/\/www.tiendadeultramarinos.es\/?p=20\" class=\"more-link\">Seguir leyendo<span class=\"screen-reader-text\"> \u00abEspa\u00f1ol cabal o rufian\u00bb<\/span><\/a><\/p>\n","protected":false},"author":1,"featured_media":0,"comment_status":"open","ping_status":"open","sticky":false,"template":"","format":"standard","meta":{"footnotes":""},"categories":[7,8],"tags":[29,207,772,537],"class_list":["post-20","post","type-post","status-publish","format-standard","hentry","category-artes-y-letras","category-reflexiones","tag-espana","tag-javier-marias","tag-reflexiones","tag-sociologia","entry"],"_links":{"self":[{"href":"https:\/\/www.tiendadeultramarinos.es\/index.php?rest_route=\/wp\/v2\/posts\/20","targetHints":{"allow":["GET"]}}],"collection":[{"href":"https:\/\/www.tiendadeultramarinos.es\/index.php?rest_route=\/wp\/v2\/posts"}],"about":[{"href":"https:\/\/www.tiendadeultramarinos.es\/index.php?rest_route=\/wp\/v2\/types\/post"}],"author":[{"embeddable":true,"href":"https:\/\/www.tiendadeultramarinos.es\/index.php?rest_route=\/wp\/v2\/users\/1"}],"replies":[{"embeddable":true,"href":"https:\/\/www.tiendadeultramarinos.es\/index.php?rest_route=%2Fwp%2Fv2%2Fcomments&post=20"}],"version-history":[{"count":5,"href":"https:\/\/www.tiendadeultramarinos.es\/index.php?rest_route=\/wp\/v2\/posts\/20\/revisions"}],"predecessor-version":[{"id":1327,"href":"https:\/\/www.tiendadeultramarinos.es\/index.php?rest_route=\/wp\/v2\/posts\/20\/revisions\/1327"}],"wp:attachment":[{"href":"https:\/\/www.tiendadeultramarinos.es\/index.php?rest_route=%2Fwp%2Fv2%2Fmedia&parent=20"}],"wp:term":[{"taxonomy":"category","embeddable":true,"href":"https:\/\/www.tiendadeultramarinos.es\/index.php?rest_route=%2Fwp%2Fv2%2Fcategories&post=20"},{"taxonomy":"post_tag","embeddable":true,"href":"https:\/\/www.tiendadeultramarinos.es\/index.php?rest_route=%2Fwp%2Fv2%2Ftags&post=20"}],"curies":[{"name":"wp","href":"https:\/\/api.w.org\/{rel}","templated":true}]}}