{"id":2132,"date":"2011-02-25T14:26:34","date_gmt":"2011-02-25T12:26:34","guid":{"rendered":"http:\/\/www.tiendadeultramarinos.es\/?p=2132"},"modified":"2011-05-13T17:18:59","modified_gmt":"2011-05-13T15:18:59","slug":"votar-las-elecciones-en-facebook","status":"publish","type":"post","link":"https:\/\/www.tiendadeultramarinos.es\/?p=2132","title":{"rendered":"Votar las elecciones en Facebook"},"content":{"rendered":"<p>No, el voto electr\u00f3nico todav\u00eda no significa que las elecciones se har\u00e1n en Facebook, pero poco le falta. Parece ser que <a href=\"http:\/\/www.facebook.com\/help\/?topic=electionday\">una de las \u00faltimas actualizaciones<\/a> de la red social (debe de ser relativamente reciente porque no he visto nada referenciado en blogs espa\u00f1oles) consiste en preguntar a <strong>todos los usuarios de un pa\u00eds en elecciones<\/strong> se han ido a votar.<\/p>\n<p style=\"text-align: center;\"><a href=\"https:\/\/www.tiendadeultramarinos.es\/wordpress\/wp-content\/uploads\/elecciones.png\"><img decoding=\"async\" class=\"size-full wp-image-2133  aligncenter\" title=\"elecciones\" src=\"https:\/\/www.tiendadeultramarinos.es\/wordpress\/wp-content\/uploads\/elecciones.png\" alt=\"\" width=\"90%\" srcset=\"https:\/\/www.tiendadeultramarinos.es\/wordpress\/wp-content\/uploads\/elecciones.png 637w, https:\/\/www.tiendadeultramarinos.es\/wordpress\/wp-content\/uploads\/elecciones-400x277.png 400w, https:\/\/www.tiendadeultramarinos.es\/wordpress\/wp-content\/uploads\/elecciones-600x416.png 600w\" sizes=\"(max-width: 637px) 100vw, 637px\" \/><\/a><\/p><a name=\"teMiddle1093728168\"><\/a><div class=\"te_div\" id=\"te1093728168\">\n<p>Me parece curioso y extra\u00f1o. \u00bfTriunfar\u00e1? \u00bfEstar\u00e1 la gente dispuesta a reconocer que vota a esa panda de <strong>ladrones<\/strong> que son todos los pol\u00edticos? En estos momentos, son las 12 del mediod\u00eda (la misma hora en Canarias) y 35 000 usuarios han confirmado su voto (entre ellos yo a pesar de no haber votado). \u00bfEso son muchos o pocos?<\/p>\n<p>Hay aproximadamente 4,5 millones de habitantes en la Rep\u00fablica de Irlanda. De los cuales<a href=\"http:\/\/en.wikipedia.org\/wiki\/Demographics_of_the_Republic_of_Ireland#Age_structure\"> 850 mil son menores de 14<\/a>, por lo que digamos que hay 3,5 millones en edad de votar.<a href=\"http:\/\/www.rte.ie\/news\/2011\/0225\/election_tracker.html\"> Seg\u00fan RTE<\/a>, a estas horas m\u00e1s o menos ha votado el 10% de la poblaci\u00f3n, lo cual nos da 350 000 votos.<\/p>\n<p>El a\u00f1o pasado hab\u00eda <a href=\"http:\/\/www.facebook.com\/note.php?note_id=122621301087647\">1,6 millones de usuarios activos en Facebook Irlanda<\/a>. Los menores de 18 suponen un <a href=\"http:\/\/www.insidefacebook.com\/2008\/09\/18\/latest-data-on-us-facebook-age-and-gender-demographics\/\">15% de los usuarios de USA<\/a>, pero supondremos que el porcentaje es similar aqu\u00ed. Eso nos deja un 85% de usuarios en edad de votar, es decir, 1,3 millones. Si ha votado el 10% de la ciudadan\u00eda, 130 000 de los usuarios de Facebook deber\u00edan haber votado.<\/p>\n<p>130 000 est\u00e1 lejos de los 35 000 contabilizados hasta ahora. Pero pensemos que por la ma\u00f1ana s\u00f3lo vota la gente mayor, con mucha menos presencia en Facebook, y que adem\u00e1s es d\u00eda laboral. Tambi\u00e9n habr\u00e1 votos falsos, como el m\u00edo o de media docena m\u00e1s de otros Erasmus que he visto que ya han pulsado votar.<\/p>\n<p>No s\u00e9 c\u00f3mo terminar\u00e1 el d\u00eda porque me voy a Dubl\u00edn dentro de una hora, pero hasta el momento, suponiendo que sean votos reales, y que las cifras de mi estimaci\u00f3n sean correctas, <strong>no me parece una diferencia tan grande con la realidad como hab\u00eda pensado en un principio<\/strong>.<\/p>\n<p>\u00bfSer\u00e1 lo siguiente preguntar a qui\u00e9n se ha votado o hacer encuestas de intenci\u00f3n de voto? \u00bfSe har\u00e1n los sondeos electorales el d\u00eda de la votaci\u00f3n en Facebook en lugar de a pie de urna? \u00bfSe terminar\u00e1n haciendo las elecciones en Facebook?<\/p>\n<p>Ya me contar\u00e9is en un mes o dos, cuando sean en Espa\u00f1a, si tambi\u00e9n aparece y qu\u00e9 acogida tiene.<\/p>\n<\/div><p style=\"text-align: center;\"><a style=\"display:none;\" class=\"theTag\" id=\"te1093728168\" onClick=\"expand('#te1093728168');\" href=\"#teMiddle1093728168\"><\/a><\/p><script language=\"JavaScript\" type=\"text\/javascript\">expander_hide('#te1093728168');<\/script>","protected":false},"excerpt":{"rendered":"<p>No, el voto electr\u00f3nico todav\u00eda no significa que las elecciones se har\u00e1n en Facebook, pero poco le falta. Parece ser que una de las \u00faltimas actualizaciones de la red social (debe de ser relativamente reciente porque no he visto nada referenciado en blogs espa\u00f1oles) consiste en preguntar a todos los usuarios de un pa\u00eds en &hellip; <\/p>\n<p class=\"link-more\"><a href=\"https:\/\/www.tiendadeultramarinos.es\/?p=2132\" class=\"more-link\">Seguir leyendo<span class=\"screen-reader-text\"> \u00abVotar las elecciones en Facebook\u00bb<\/span><\/a><\/p>\n","protected":false},"author":1,"featured_media":0,"comment_status":"open","ping_status":"open","sticky":false,"template":"","format":"standard","meta":{"footnotes":""},"categories":[33,5,9],"tags":[94,734,81,661,688,740],"class_list":["post-2132","post","type-post","status-publish","format-standard","hentry","category-actualidad","category-informatica","category-politica","tag-encuestas","tag-facebook","tag-internet","tag-irlanda","tag-redes-sociales","tag-votaciones","entry"],"_links":{"self":[{"href":"https:\/\/www.tiendadeultramarinos.es\/index.php?rest_route=\/wp\/v2\/posts\/2132","targetHints":{"allow":["GET"]}}],"collection":[{"href":"https:\/\/www.tiendadeultramarinos.es\/index.php?rest_route=\/wp\/v2\/posts"}],"about":[{"href":"https:\/\/www.tiendadeultramarinos.es\/index.php?rest_route=\/wp\/v2\/types\/post"}],"author":[{"embeddable":true,"href":"https:\/\/www.tiendadeultramarinos.es\/index.php?rest_route=\/wp\/v2\/users\/1"}],"replies":[{"embeddable":true,"href":"https:\/\/www.tiendadeultramarinos.es\/index.php?rest_route=%2Fwp%2Fv2%2Fcomments&post=2132"}],"version-history":[{"count":5,"href":"https:\/\/www.tiendadeultramarinos.es\/index.php?rest_route=\/wp\/v2\/posts\/2132\/revisions"}],"predecessor-version":[{"id":2135,"href":"https:\/\/www.tiendadeultramarinos.es\/index.php?rest_route=\/wp\/v2\/posts\/2132\/revisions\/2135"}],"wp:attachment":[{"href":"https:\/\/www.tiendadeultramarinos.es\/index.php?rest_route=%2Fwp%2Fv2%2Fmedia&parent=2132"}],"wp:term":[{"taxonomy":"category","embeddable":true,"href":"https:\/\/www.tiendadeultramarinos.es\/index.php?rest_route=%2Fwp%2Fv2%2Fcategories&post=2132"},{"taxonomy":"post_tag","embeddable":true,"href":"https:\/\/www.tiendadeultramarinos.es\/index.php?rest_route=%2Fwp%2Fv2%2Ftags&post=2132"}],"curies":[{"name":"wp","href":"https:\/\/api.w.org\/{rel}","templated":true}]}}