{"id":2245,"date":"2011-05-06T00:39:47","date_gmt":"2011-05-05T22:39:47","guid":{"rendered":"http:\/\/www.tiendadeultramarinos.es\/?p=2245"},"modified":"2011-05-12T20:13:49","modified_gmt":"2011-05-12T18:13:49","slug":"todo-este-movimiento-viral-sobre-la-muerte-de-bin-laden","status":"publish","type":"post","link":"https:\/\/www.tiendadeultramarinos.es\/?p=2245","title":{"rendered":"Todo este movimiento viral sobre la muerte de Bin Laden"},"content":{"rendered":"<p>\u00bfA nadie m\u00e1s le sorprende la cantidad de co\u00f1as en todo el mundo que est\u00e1n saliendo sobre lo de Bin Laden toda la semana? Es para estudiarlo. No s\u00f3lo en ingl\u00e9s o en espa\u00f1ol, tengo amigos de varias nacionalidades y lo estoy viendo en todos los idiomas.<\/p>\n<p>No hay una, ni dos, que se hayan hecho especialmente famosas extendi\u00e9ndose como la p\u00f3lvora, parece casi como si cada uno tuviese que a\u00f1adir la suya aprovechando la euforia colectiva. Dentro de un tiempo quiz\u00e1s se considere al concepto de hacer bromas sobre este tema como uno de los virales m\u00e1s grandes de internet.<\/p><a name=\"teMiddle1850151560\"><\/a><div class=\"te_div\" id=\"te1850151560\">\n<p>No es el humor negro en s\u00ed lo que me llama la atenci\u00f3n; soy un firme defensor del mismo en cualquier momento y lo uso a espuertas. Podr\u00eda escribir una enciclopedia de chistes negros y me he estado descojonando con algunos twits de <a href=\"http:\/\/twitter.com\/#!\/GhostOsama\">@GhostObama<\/a> (otros est\u00e1n demasiado manidos).<\/p>\n<p>Lo que me fascina es c\u00f3mo est\u00e1 saliendo de todas partes. Un pensamiento generalizado del \u00abtodo vale\u00bb se ha extendido entre la poblaci\u00f3n: gente que normalmente hubiera criticado cualquier chiste suave de paral\u00edticos est\u00e1 publicando las sandeces m\u00e1s s\u00f3rdidas.<\/p>\n<p>Entender\u00eda hasta cierto punto esta excitaci\u00f3n en la sociedad americana: la merecida venganza contra qui\u00e9n asesin\u00f3 a casi 3000 compatriotas, el \u00e9xito final tras diez a\u00f1os de guerra, el cazador cazado, <a href=\"http:\/\/upload.wikimedia.org\/wikipedia\/commons\/1\/12\/President_Obama_on_Death_of_Osama_bin_Laden.ogv\">Obama dando el discurso de la victoria<\/a><strong>*<\/strong>, fundido a la bandera, <em>God Bless America<\/em> sonando y entran los cr\u00e9ditos&#8230; \u00bfPero en qu\u00e9 nos afecta al resto? S\u00ed, medio mundo fue a Oriente Medio de la mano de USA o de la ONU, pero no era nuestra guerra ni nuestro terrorista (aunque hubiera matado a nuestros hermanos blancos); no para esta exaltaci\u00f3n.<\/p>\n<p>No lo critico, este tipo de reacciones suelen provocar un torrente de creatividad que no se ve todos los d\u00edas y dar\u00e1 lugar a montajes y co\u00f1as que nos har\u00e1n reir durante mucho tiempo; pero est\u00e1 funcionando de un modo distinto a otras ocasiones. Y est\u00e1 eclipsando todo lo dem\u00e1s.<\/p>\n<p>Sin entrar en la <a href=\"http:\/\/es.wikipedia.org\/wiki\/Muerte_de_Osama_bin_Laden#Detalles_de_la_operaci.C3.B3n\">chapucera comunicaci\u00f3n de la operaci\u00f3n sin pruebas<\/a> que lo \u00fanico que ha hecho es dar p\u00e1bulo a todas las conspirano\u00edas que ya se sab\u00eda que iban a salir o la difusi\u00f3n, como real, por todos los medios de un fotomontaje de hace dos a\u00f1os, que m\u00e1s de lo mismo. Tengo la triste sensaci\u00f3n de que mientras de Vietnam todos recordamos a la <a href=\"http:\/\/en.wikipedia.org\/wiki\/Phan_Th%E1%BB%8B_Kim_Ph%C3%BAc\">ni\u00f1a huyendo del napalm<\/a>, de estos diez a\u00f1os de guerra en Oriente Medio todo lo que recordaremos ser\u00e1 que <a href=\"http:\/\/www.facebook.com\/pages\/BIN-LADEN-ahora-vive-en-una-pi%C3%B1a-debajo-del-mar-con-BOB-ESPONJA\/171572649563956?ref=ts\">Bin Laden est\u00e1 con Bob Esponja<\/a>, que <a href=\"http:\/\/3.bp.blogspot.com\/-rVqBDIo-PYM\/TcJTwzf7SyI\/AAAAAAAAFpA\/GlGAlHcULrY\/s400\/tumblr_lkmbhhDdPa1qdtwx3o1_400.png\">lo llevaba Sergio Ramos<\/a>, o que fue el <a href=\"http:\/\/randomfunnypicture.com\/wp2\/wp-content\/uploads\/2011\/05\/obama-bin-laden-hide-and-seek-champion.png\">campe\u00f3n mundial del escondite<\/a>.<\/p>\n<hr \/>\n<p><strong>*<\/strong> Quien diga que el discurso no es de pel\u00edcula, miente.<\/p>\n<blockquote><p><em>\u00abBuenas noches. Hoy puedo anunciar al pueblo americano y al mundo que US ha llevado a cabo una operaci\u00f3n que ha matado a Osama Bin Laden, el lider de Al-Qaeda. Un terrorista responsable del asesinato de miles de hombres, mujeres y ni\u00f1os.<\/em><\/p>\n<p><em>Fue hace casi 10 a\u00f1os, cuando un brillante d\u00eda de septiembre fue ensombrecido por el peor ataque al pueblo americano en nuestra historia. Las im\u00e1genes del 9\/11 est\u00e1n grabadas en nuestra memoria nacional, aviones secuestrados atravesando un cielo sin nubes de septiembre, las torres gemelas colapsando contra el suelo, humo negro saliendo del Pent\u00e1gono. [&#8230;]<\/em><\/p>\n<p><em> <\/em><em> <\/em><em><strong>Y ahora sabemos que las peores im\u00e1genes son las que no se vieron en el mundo&#8230; el asiento vac\u00edo en la mesa de la cena, ni\u00f1os obligados a crecer sin sus madres o sus padres, padres que nunca sentir\u00e1n el abrazo de sus hijos<\/strong>. Nos quitaron a cerca de 3000 ciudadanos, dejando un profundo hueco en nuestros corazones.\u00bb<\/em><\/p><\/blockquote>\n<\/div><p style=\"text-align: center;\"><a style=\"display:none;\" class=\"theTag\" id=\"te1850151560\" onClick=\"expand('#te1850151560');\" href=\"#teMiddle1850151560\"><\/a><\/p><script language=\"JavaScript\" type=\"text\/javascript\">expander_hide('#te1850151560');<\/script>","protected":false},"excerpt":{"rendered":"<p>\u00bfA nadie m\u00e1s le sorprende la cantidad de co\u00f1as en todo el mundo que est\u00e1n saliendo sobre lo de Bin Laden toda la semana? Es para estudiarlo. No s\u00f3lo en ingl\u00e9s o en espa\u00f1ol, tengo amigos de varias nacionalidades y lo estoy viendo en todos los idiomas. No hay una, ni dos, que se hayan &hellip; <\/p>\n<p class=\"link-more\"><a href=\"https:\/\/www.tiendadeultramarinos.es\/?p=2245\" class=\"more-link\">Seguir leyendo<span class=\"screen-reader-text\"> \u00abTodo este movimiento viral sobre la muerte de Bin Laden\u00bb<\/span><\/a><\/p>\n","protected":false},"author":1,"featured_media":0,"comment_status":"open","ping_status":"open","sticky":false,"template":"","format":"standard","meta":{"footnotes":""},"categories":[33,8],"tags":[736,737,81,557,772,267,117],"class_list":["post-2245","post","type-post","status-publish","format-standard","hentry","category-actualidad","category-reflexiones","tag-bin-laden","tag-estados-unidos","tag-internet","tag-opinion","tag-reflexiones","tag-sociedad","tag-terrorismo","entry"],"_links":{"self":[{"href":"https:\/\/www.tiendadeultramarinos.es\/index.php?rest_route=\/wp\/v2\/posts\/2245","targetHints":{"allow":["GET"]}}],"collection":[{"href":"https:\/\/www.tiendadeultramarinos.es\/index.php?rest_route=\/wp\/v2\/posts"}],"about":[{"href":"https:\/\/www.tiendadeultramarinos.es\/index.php?rest_route=\/wp\/v2\/types\/post"}],"author":[{"embeddable":true,"href":"https:\/\/www.tiendadeultramarinos.es\/index.php?rest_route=\/wp\/v2\/users\/1"}],"replies":[{"embeddable":true,"href":"https:\/\/www.tiendadeultramarinos.es\/index.php?rest_route=%2Fwp%2Fv2%2Fcomments&post=2245"}],"version-history":[{"count":7,"href":"https:\/\/www.tiendadeultramarinos.es\/index.php?rest_route=\/wp\/v2\/posts\/2245\/revisions"}],"predecessor-version":[{"id":2268,"href":"https:\/\/www.tiendadeultramarinos.es\/index.php?rest_route=\/wp\/v2\/posts\/2245\/revisions\/2268"}],"wp:attachment":[{"href":"https:\/\/www.tiendadeultramarinos.es\/index.php?rest_route=%2Fwp%2Fv2%2Fmedia&parent=2245"}],"wp:term":[{"taxonomy":"category","embeddable":true,"href":"https:\/\/www.tiendadeultramarinos.es\/index.php?rest_route=%2Fwp%2Fv2%2Fcategories&post=2245"},{"taxonomy":"post_tag","embeddable":true,"href":"https:\/\/www.tiendadeultramarinos.es\/index.php?rest_route=%2Fwp%2Fv2%2Ftags&post=2245"}],"curies":[{"name":"wp","href":"https:\/\/api.w.org\/{rel}","templated":true}]}}