{"id":2596,"date":"2012-04-20T14:57:31","date_gmt":"2012-04-20T12:57:31","guid":{"rendered":"http:\/\/www.tiendadeultramarinos.es\/?p=2596"},"modified":"2012-04-20T17:31:53","modified_gmt":"2012-04-20T15:31:53","slug":"%c2%bflibre-mercado-no-para-mis-amigos","status":"publish","type":"post","link":"https:\/\/www.tiendadeultramarinos.es\/?p=2596","title":{"rendered":"\u00bfLibre mercado? No para mis amigos"},"content":{"rendered":"<p>Hay ma\u00f1anas que, leyendo las noticias, no sabes si reir, llorar, o liarte la manta a la cabeza y echarte al monte.<\/p>\n<p>Si <a href=\"http:\/\/www.diariodelaltoaragon.es\/NoticiasDetalle.aspx?Id=742585&#038;com=1\">primero lees que<\/a>: \u00ab<em>El Ayuntamiento ha optado por establecer una partida de 30.000 euros para becar a familias que lleven a sus hijos a <strong>centros privados que, se\u00f1ala el Consistorio, est\u00e1n pasando por una grave situaci\u00f3n<\/strong>.<\/em>\u00bb Te descojonas, c\u00f3mo no. Vaya mierda de neoliberales nos gobiernan, bien se vale que se han ido los pseudo-socialistas que ya viene el PP a repartir becas para educaci\u00f3n. Luego te preguntas d\u00f3nde qued\u00f3 el libre mercado y si no hay <em>laissez faire<\/em> cuando se trata de amiguetes; pobrecillos, claro, con lo que cuesta el colegio privado bien merecer\u00e1n una ayuda, no van a mezclar a sus hijos con la chusma de la p\u00fablica.<\/p><a name=\"teMiddle1966418227\"><\/a><div class=\"te_div\" id=\"te1966418227\">\n<p>Pero si, unos segundos despu\u00e9s lees <a href=\"http:\/\/www.diariodelaltoaragon.es\/NoticiasDetalle.aspx?Id=742589&#038;com=1\">la noticia contigua<\/a>, compruebas que las matr\u00edculas de los grados en universidades p\u00fablicas se van a incrementar sustancialmente te das cuenta de que dos y dos no suman cuatro. <strong>\u00bfHay dinero para centros privados pero no para p\u00fablicos?<\/strong> Pasas de llorar a atacar cabos, confirmas lo que llevas sospechando tanto tiempo: que no es cuesti\u00f3n de que haya menos gente que estudie, sino de <strong>qu\u00e9 gente es la que no quieren que estudie<\/strong>. Que ya estaba bien de tanto movimiento entre clases \u00bfC\u00f3mo van a trabajar sus hijos en el mismo bufete de abogados con los de un campesino?<\/p>\n<p>Llevamos, sobre todo desde el inicio de esta crisis, observando cada d\u00eda las insostenibles falacias del neoliberalismo que profesan quienes nos gobiernan, que sacralizan el libre mercado cuando \u00e9ste perjudica seriamente al ciudadano de a pi\u00e9 y al peque\u00f1o empresario, pero que se olvidan y apresuran en intervenir cuando el afectado es la poderosa corporaci\u00f3n que les ampara en su puesto, o el negocio de un amiguete. Se les empez\u00f3 a ver el plumero cuando empezaban a regalar dinero a los bancos, a los mismos que con su avaricia y sus incesantes peticiones por la desregularizaci\u00f3n nos han conducido a donde estamos, pero cada d\u00eda hay m\u00e1s y m\u00e1s noticias que confirman este hecho, y cada vez de forma m\u00e1s descarada.<\/p>\n<p>Baste ver la nacionalizaci\u00f3n de YPF por parte de Argentina y c\u00f3mo ha saltado el gobierno espa\u00f1ol a defender los intereses de Repsol, <a href=\"http:\/\/www.attac.es\/2012\/04\/16\/cuanto-paga-repsol-en-impuestos\">una empresa que apenas paga impuestos aqu\u00ed abusando de para\u00edsos fiscales<\/a>. Independientemente de si el proceso populista iniciado por Kirchner haya sido justo o no, que un gobierno autocalificado de neoliberal y opuesto radicalmente al intervencionismo inicie un conflicto diplom\u00e1tico posicion\u00e1ndose a favor de una empresa privada \u2014<a href=\"http:\/\/www.agarzon.net\/?p=1794\">cuyos principales accionistas, a la postre, no son espa\u00f1oles<\/a>\u2014 esgrimiendo en su demag\u00f3gico discurso una falsa preocupaci\u00f3n por los peque\u00f1os inversores nacionales es de chiste.<\/p>\n<p>No es que no se crea nadie a este gobierno empatizando con cualquier grupo calificado como \u00abpeque\u00f1o\u00bb, es que <a href=\"http:\/\/www.finanzas.com\/noticias\/economia\/2012-04-17\/705019_espana-marruecos-empresarios-espanoles-piden.html\">hace tiempo que una serie de PYMES en Marruecos llevan quej\u00e1ndose al Gobierno<\/a> de una serie de ataques y extorsiones sufridas all\u00e1. Y ninguno \u2014ni el anterior ni \u00e9ste\u2014 ha movido un dedo, pese a ser una situaci\u00f3n equivalente. Ojo, que ese hatajo de sinverg\u00fcenzas que ha cerrado sus empresas aqu\u00ed para llev\u00e1rselas a otro pa\u00eds donde pagar menos impuestos y sueldos no se merecen ni el agua que beben, y les est\u00e1 bien empleado todo lo que les pase, a ver si se creen que pagar menos y <a href=\"http:\/\/www.abc.es\/20120329\/economia\/abci-agricultura-marruecos-fruta-201203281833.html\">competir de forma desleal con quienes se han quedado<\/a> les iba a salir gratis; recuerden que lo barato sale caro.<\/p>\n<p>Pero es una noticia que me encanta porque pone de manifiesto que los argumentos del Gobierno sobre el tema Repsol son falsos, y que su \u00fanica preocupaci\u00f3n es garantizarse un puesto de asesores al finalizar su mandato. Quiz\u00e1s las PYMES deslocalizadas a Marruecos puedan ofrecer alg\u00fan puesto vitalicio similar. Adem\u00e1s, si tienen mucha prisa por empezar a trabajar de consejeros, <a href=\"http:\/\/www.publico.es\/dinero\/424909\/salgado-ficha-como-consejera-de-endesa-donde-aznar-es-consultor\">estas filiales en Sudam\u00e9rica les vienen muy bien para saltarse los dos a\u00f1os de espera como hemos visto recientemente con Salgado<\/a>, por lo que les conviene conservarlas y que lo sucedido con YPF no se convierta en norma general como parece temerse, no vaya a pasarles tambi\u00e9n con <a href=\"http:\/\/ataquealpoder.wordpress.com\/2012\/03\/18\/una-oligarquia-sin-entranas-encarece-el-recibo-de-la-luz-1\/\">las el\u00e9ctricas donde tienen incluso m\u00e1s intereses<\/a>.<\/p>\n<p>Por m\u00e1s que presuman de ello, no existen ya verdaderos liberales, no creen en nada m\u00e1s all\u00e1 del dinero y el poder y, obviando cualquier ideolog\u00eda, no les importa c\u00f3mo conseguirlo. Utilizan los mantras neoliberales cuando les beneficia para sus intereses, pero no creen en ellos, son una herramienta m\u00e1s al servicio del poder.<\/p>\n<hr \/>\n<p>Enlaces relacionados:<br \/>\n\u2014<a href=\"http:\/\/www.elmundo.es\/elmundo\/2012\/03\/20\/economia\/1332245070.html\">Fomento se plantea asumir las autopistas inviables de forma transitoria<\/a>. Una mala proyecci\u00f3n sobre la demanda que tendr\u00edan y la construcci\u00f3n en paralelo de v\u00edas alternativas sin peajes las han dejado en una situaci\u00f3n muy dif\u00edcil.<\/p>\n<p>\u2014<a href=\"http:\/\/www.periodistadigital.com\/periodismo\/prensa\/2012\/03\/29\/marca-espana-medios-comunicacion-linea-ico.shtml\">Pedrojota y los amos del papel respiran tranquilos: Rajoy ayudar\u00e1 a los medios en crisis<\/a><\/p>\n<p>\u2014<a href=\"http:\/\/www.attac.es\/2012\/04\/04\/\u00bfse-han-hecho-los-ricos-mas-ricos-analisis-de-espana-entre-1980-y-2008\">Entre 1980 y 2008 los ricos se han hecho much\u00edsimo m\u00e1s ricos<\/a>. En 1980 los s\u00faper-ricos (0.01% de la poblaci\u00f3n) ingresaban 74 veces m\u00e1s al a\u00f1o que el 90% de la poblaci\u00f3n, mientras que en 2008 ingresan 173 veces m\u00e1s.<\/p>\n<p>\u2014<a href=\"http:\/\/www.economiadigital.es\/es\/notices\/2012\/03\/coca-cola_controlara_la_agencia_espanola_de_seguridad_alimentaria_28015.php\">Coca-Cola controlar\u00e1 la Agencia Espa\u00f1ola de Seguridad Alimentaria<\/a>. El presidente en Espa\u00f1a de la multinacional estadounidense, Marcos de Quinto, ha logrado que una de sus ejecutivas de confianza asuma la direcci\u00f3n general de la Agencia Espa\u00f1ola Alimentaria.<\/p>\n<p>\u2014<a href=\"http:\/\/blogs.publico.es\/andresvillena\/2012\/03\/08\/la-privatizacion-de-la-realidad\/\">La privatizaci\u00f3n de la realidad<\/a><\/p>\n<p><a href=\"http:\/\/www.attac.es\/2012\/04\/18\/el-problema-es-mayor-que-el-1-es-el-10\">El problema es m\u00e1s que el 1%. Es el 10%<\/a>. Ahora bien, hay que concienciarse de que por mucho poder que tenga este 1% (y lo tiene, y mucho), su poder se apoya en una parte de la sociedad (otro 9%) cuyas rentas dependen de la existencia de este 1%. <\/p>\n<p><a href=\"http:\/\/elpais.com\/elpais\/2012\/04\/05\/opinion\/1333647632_995892.html\">La Cosa Nostra<\/a>, de Juan Jos\u00e9 Mill\u00e1s. A veces es el mism\u00edsimo Al Capone el que telefonea a su hom\u00f3logo en el Gobierno para exigirle que destituya a un grupo de inspectores de Hacienda<\/p>\n<p><a href=\"http:\/\/www.youtube.com\/watch?v=TfRSfF296js\">Simiocracia<\/a>, video de Aleix Sal\u00f3. El resumen m\u00e1s brutal y claro de los \u00faltimos cuatro a\u00f1os.<\/p>\n<\/div><p style=\"text-align: center;\"><a style=\"display:none;\" class=\"theTag\" id=\"te1966418227\" onClick=\"expand('#te1966418227');\" href=\"#teMiddle1966418227\"><\/a><\/p><script language=\"JavaScript\" type=\"text\/javascript\">expander_hide('#te1966418227');<\/script>","protected":false},"excerpt":{"rendered":"<p>Hay ma\u00f1anas que, leyendo las noticias, no sabes si reir, llorar, o liarte la manta a la cabeza y echarte al monte. Si primero lees que: \u00abEl Ayuntamiento ha optado por establecer una partida de 30.000 euros para becar a familias que lleven a sus hijos a centros privados que, se\u00f1ala el Consistorio, est\u00e1n pasando &hellip; <\/p>\n<p class=\"link-more\"><a href=\"https:\/\/www.tiendadeultramarinos.es\/?p=2596\" class=\"more-link\">Seguir leyendo<span class=\"screen-reader-text\"> \u00ab\u00bfLibre mercado? No para mis amigos\u00bb<\/span><\/a><\/p>\n","protected":false},"author":1,"featured_media":0,"comment_status":"open","ping_status":"open","sticky":false,"template":"","format":"standard","meta":{"footnotes":""},"categories":[33,9,8],"tags":[764,763,773],"class_list":["post-2596","post","type-post","status-publish","format-standard","hentry","category-actualidad","category-politica","category-reflexiones","tag-bastardos","tag-neoliberalismo","tag-politica","entry"],"_links":{"self":[{"href":"https:\/\/www.tiendadeultramarinos.es\/index.php?rest_route=\/wp\/v2\/posts\/2596","targetHints":{"allow":["GET"]}}],"collection":[{"href":"https:\/\/www.tiendadeultramarinos.es\/index.php?rest_route=\/wp\/v2\/posts"}],"about":[{"href":"https:\/\/www.tiendadeultramarinos.es\/index.php?rest_route=\/wp\/v2\/types\/post"}],"author":[{"embeddable":true,"href":"https:\/\/www.tiendadeultramarinos.es\/index.php?rest_route=\/wp\/v2\/users\/1"}],"replies":[{"embeddable":true,"href":"https:\/\/www.tiendadeultramarinos.es\/index.php?rest_route=%2Fwp%2Fv2%2Fcomments&post=2596"}],"version-history":[{"count":11,"href":"https:\/\/www.tiendadeultramarinos.es\/index.php?rest_route=\/wp\/v2\/posts\/2596\/revisions"}],"predecessor-version":[{"id":2606,"href":"https:\/\/www.tiendadeultramarinos.es\/index.php?rest_route=\/wp\/v2\/posts\/2596\/revisions\/2606"}],"wp:attachment":[{"href":"https:\/\/www.tiendadeultramarinos.es\/index.php?rest_route=%2Fwp%2Fv2%2Fmedia&parent=2596"}],"wp:term":[{"taxonomy":"category","embeddable":true,"href":"https:\/\/www.tiendadeultramarinos.es\/index.php?rest_route=%2Fwp%2Fv2%2Fcategories&post=2596"},{"taxonomy":"post_tag","embeddable":true,"href":"https:\/\/www.tiendadeultramarinos.es\/index.php?rest_route=%2Fwp%2Fv2%2Ftags&post=2596"}],"curies":[{"name":"wp","href":"https:\/\/api.w.org\/{rel}","templated":true}]}}