{"id":2611,"date":"2012-06-06T17:35:59","date_gmt":"2012-06-06T15:35:59","guid":{"rendered":"http:\/\/www.tiendadeultramarinos.es\/?p=2611"},"modified":"2012-06-06T17:38:57","modified_gmt":"2012-06-06T15:38:57","slug":"sin-novedad-en-el-frente","status":"publish","type":"post","link":"https:\/\/www.tiendadeultramarinos.es\/?p=2611","title":{"rendered":"Sin novedad en el frente"},"content":{"rendered":"<p>Tras disfrutar recientemente de la brillante pel\u00edcula, decid\u00ed que ten\u00eda que leer el libro en el que estaba fielmente basada, y fue uno de esos grand\u00edsimos aciertos del que qued\u00e9 plenamente satisfecho. No s\u00f3lo me encant\u00f3 e impact\u00f3, sino que no hab\u00eda le\u00eddo nada tan desgarrador desde algunas de las m\u00e1s crudas escenas del <em>Ensayo sobre la ceguera<\/em> de Saramago, as\u00ed que aqu\u00ed va mi peque\u00f1o y merecido homenaje.<\/p>\n<p><a href=\"http:\/\/es.wikipedia.org\/wiki\/Sin_novedad_en_el_frente_(novela)\">Novela<\/a> antibelicista sobre un grupo de j\u00f3venes soldados en la Primera Guerra Mundial, publicada por el alem\u00e1n <a href=\"http:\/\/es.wikipedia.org\/wiki\/Erich_Maria_Remarque\">Erich Maria Remarque<\/a> en 1929. El autor hab\u00eda sido reclutado para esa contienda a la edad de 18 a\u00f1os, donde muy pronto sufrir\u00eda heridas por metralla que le har\u00edan guardar reposo en un hospital hasta casi el final del conflicto. Despu\u00e9s, prob\u00f3 sin \u00e9xito muy diversos trabajos antes de lanzarse a la fama como escritor, siendo un vivo ejemplo de la generaci\u00f3n que \u00e9l mismo describi\u00f3 como \u00ab<em>destruida por la guerra pese haber sobrevivido a la metralla<\/em>\u00bb.<\/p><a name=\"teMiddle1380250274\"><\/a><div class=\"te_div\" id=\"te1380250274\">\n<p>El libro, que condena y refleja con todo detalle los horrores de la guerra, desmitificando el hero\u00edsmo y satirizando sobre la implicaci\u00f3n en las mismas de los altos mandos y los gobiernos, fue uno de los muchos prohibidos \u2014y <a href=\"http:\/\/en.wikipedia.org\/wiki\/Nazi_book_burnings\">quemados<\/a>, como en los famosos sucesos en la <a href=\"http:\/\/es.wikipedia.org\/wiki\/Bebelplatz\">Bebelplatz<\/a> en 1933\u2014 durante el r\u00e9gimen nazi en Alemania por contener valores contrarios a la cultura germana que quer\u00edan imponer. De <a href=\"http:\/\/es.wikipedia.org\/wiki\/Sin_novedad_en_el_frente_(pel%C3%ADcula_de_1930)\">su pel\u00edcula<\/a> (<a href=\"http:\/\/es.wikipedia.org\/wiki\/Lewis_Milestone\">Lewis Milestone<\/a>, 1930), ganadora de un Oscar, la revista Variety dijo que \u00ab<em>La <a href=\"http:\/\/es.wikipedia.org\/wiki\/Sociedad_de_Naciones\">Liga de las Naciones<\/a> no podr\u00eda hacer mejor inversi\u00f3n que comprar la copia principal, reproducirla en cada idioma y proyectarla en todos los pa\u00edses hasta que la palabra \u201cguerra\u201d sea eliminada de los diccionarios<\/em>\u00bb.<\/p>\n<p>El protagonista, que nos narra sus vivencias en primera persona, es Paul B\u00e4umer un joven educado y sensible que es arrastrado a la oficina de alistamiento, junto a sus compa\u00f1eros del instituto, por los discursos patrioteros del profesor de gimnasia Kantorek. Sin embargo, tras el primer d\u00eda en el frente, todos esos discursos y el mundo que les hab\u00edan dibujado, se desmoronaron al enfrentarse a la dura realidad que presenta el campo de batalla.<\/p>\n<p>A partir de aqu\u00ed destripo el argumento sin compasi\u00f3n; sin embargo, al no tratarse de una incre\u00edble trama ni poseer un sorprendente final, sino estar m\u00e1s bien compuesto de una serie de sucesos encadenados, tampoco considero que desvele ninguna informaci\u00f3n que vaya a destrozar la novela a qui\u00e9n no lo haya le\u00eddo. De todas maneras, siempre se disfruta m\u00e1s descubri\u00e9ndolo por nosotros mismos, as\u00ed que dejo en las manos del posible lector la decisi\u00f3n de continuar leyendo o pasar antes al libro.<\/p>\n<p>La historia comienza in <em>medias res<\/em> con Paul, ya veterano, y su compa\u00f1\u00eda en retaguardia tras haber sido relevados del frente. Est\u00e1n saciados y disfrutan de doble raci\u00f3n de v\u00edveres, sin embargo \u00ab<em>no nos estaban destinadas tantas provisiones. Los prusianos no son tan espl\u00e9ndidos. Todo lo debemos a un simple error<\/em>\u00bb. Acaban de sobrevivir a una cruenta batalla en la que han perdido a la mitad de los 150 hombres que eran; entre ellos Kemmermich, uno de sus compa\u00f1eros de clase al que pronto ver\u00e1n morir en el hospital. Estas dos an\u00e9cdotas marcan la t\u00f3nica general que seguir\u00e1 el relato: la crueldad de la guerra, la desidia de los mandos y las continuas muertes de quienes le rodean.<\/p>\n<p>Mediante breves analepsis, adem\u00e1s de contar el episodio de Kantorek antes descrito, Paul nos habla de su juventud, su familia y del periodo de instrucci\u00f3n, cuando tuvieron que soportar al  terrible Himmelstoss, modesto cartero de profesi\u00f3n que, al verse con uniforme y poder, se convirti\u00f3 en un aut\u00e9ntico tirano, lo cual da pie a reflexionar sobre la naturaleza de los hombres y c\u00f3mo casi todos abusan del poder en cuanto se ven en posici\u00f3n de hacerlo; \u00ab<em>y cuanto m\u00e1s cagones eran en la vida civil, m\u00e1s \u00ednfulas tienen aqu\u00ed<\/em>\u00bb, sentencia Kat como colof\u00f3n al debate.<\/p>\n<p>Kat, ap\u00f3cope de Katczinsky, con sus cuarenta a\u00f1os es el l\u00edder del grupo de Paul y, pese a la diferencia de edad, se convierte en su mejor amigo, a qui\u00e9n alaba y admira calificando como insustituible; cree \u00ab<em>que es zapatero de oficio, pero esto no quiere decir nada; \u00e9l sabe algo de todos los oficios<\/em>\u00bb. Nuestro protagonista le describe como p\u00edcaro y desprendido, con las ideas claras sobre la vida y capaz de encontrar cualquier cosa hasta en los lugares m\u00e1s desolados, especialmente comida \u2014en un momento llegan a darse un fest\u00edn con dos cochinillos\u2014 pero tambi\u00e9n mantas o paja para dormir m\u00e1s c\u00f3modos, indicando que tiene un sexto sentido para estas lides. <\/p>\n<p>En m\u00e1s de una ocasi\u00f3n vuelven a las trincheras de primera l\u00ednea donde sufren interminables bombardeos de la artiller\u00eda enemiga \u2014constantemente reforzada y mejorada\u2014, e incluso de la suya propia dado el nulo mantenimiento de los ca\u00f1ones alemanes. Tienen que deslizarse en la oscuridad de la noche a arreglar las alambradas destrozadas por el fuego de la artiller\u00eda, se enfrentan al gas, a embestidas de los soldados aliados \u2014mucho mejor preparados y alimentados\u2014 que repelen como pueden, e incluso ellos mismos lanzan alg\u00fan ataque, m\u00e1s alentados por la posibilidad de saquear las abundantes provisiones de sus enemigos que por el honor y la gloria militar.<\/p>\n<p>En todas esas situaciones el protagonista describe sin reparos toda la brutalidad de la guerra: los novatos que no aciertan a cubrirse al o\u00edr el silbido de los obuses cayendo o que se quitan la m\u00e1scara antig\u00e1s demasiado pronto y muriendo al quemarse por dentro. Nos cuenta c\u00f3mo pasan noches enteras escuchando a compa\u00f1eros agonizando al haber sido alcanzados en el campo, a escasos metros de las trincheras, sin posibilidad de rescatarlos; por el tipo de estertores pueden especular si han sido alcanzados en una cadera, la cara, etc. El propio Paul pasa un d\u00eda entero en un cr\u00e1ter con un soldado franc\u00e9s al que acaba de apu\u00f1alar en medio de una ofensiva y al que tiene que ver consumirse poco a poco frente a \u00e9l, ante la imposibilidad de escapar por el constante fuego de las ametralladoras. Este tiempo le hace desquiciar al comprender que, sin el uniforme, podr\u00eda ser su hermano y, por m\u00e1s que se empe\u00f1en desde la propaganda del r\u00e9gimen no pueden odiar a alguien que jam\u00e1s hab\u00edan visto.<\/p>\n<p>A mitad del relato Paul recibe un permiso para visitar a su familia unos d\u00edas y el regreso no puede ser m\u00e1s traum\u00e1tico pues se siente totalmente fuera de lugar. El sufrimiento en el frente le ha cargado de escepticismo y no soporta seguir encontr\u00e1ndose con patriotas, como su padre, que idealizan la guerra, esa guerra que le ha cambiado y que ha convertido su pueblo natal en un lugar extra\u00f1o, al cual siente no pertenecer; a\u00f1ora aqu\u00ed m\u00e1s a sus compa\u00f1eros que antes a su familia, pues ha comprendido que son los \u00fanicos que pueden entenderle. Si todo el libro desborda nihilismo por doquier, es en estos d\u00edas cuando aflora en sus pensamientos con todo su esplendor. A sus veinte a\u00f1os no conoce de la vida \u00ab<em>m\u00e1s que la desesperaci\u00f3n y la muerte, la angustia y el tr\u00e1nsito de una existencia llena de la m\u00e1s est\u00fapida superficialidad a un abismo de dolor<\/em>\u00bb.<\/p>\n<p>La segunda ocasi\u00f3n en que se aleja del frente es tras ser herido por metralla junto a su amigo Albert Kropp, con quien compartir\u00e1 la convalecencia en distintos hospitales en los que trabar\u00e1n amistad con otros soldados y ver\u00e1n morir a muchos m\u00e1s. Cuando Paul se recupera lo suficiente para levantarse, prefiere cojear fuera de la habitaci\u00f3n para no tener que soportar la lastimera mirada de Albert, a qui\u00e9n hab\u00edan amputado la pierna. En su deambular por el hospital \u00ab<em>se da cuenta de en cu\u00e1ntos lugares puede ser herido un hombre<\/em>\u00bb y describe con horror innumerables dolencias: \u00ab<em>no puede comprenderse que encima de unos cuerpos tan destrozados se sostengan todav\u00eda rostros humanos en los que la vida siga su curso cotidiano. [\u2026] Tan s\u00f3lo el hospital da un aut\u00e9ntico testimonio de lo que es la guerra<\/em>\u00bb.<\/p>\n<p>Vuelve a las trincheras, pero cada vez es todo m\u00e1s triste, m\u00e1s descarnado, la guerra est\u00e1 claramente perdida y los hombres mueren disciplinadamente regimiento tras regimiento ante la superioridad num\u00e9rica y tecnol\u00f3gica de sus enemigos. Casi no quedan veteranos, a lo largo del relato han ido muriendo todos, tanto sus compa\u00f1eros de clase como los nuevos camaradas que hizo durante la contienda. Los que llegaron a la guerra mayores, con oficio y familia, podr\u00e1n volver a ello, afianzarse a algo y continuar; los j\u00f3venes, aunque sobrevivan, no podr\u00e1n adaptarse a la vida civil, la guerra los habr\u00e1 destrozado y no tendr\u00e1n nada a lo que agarrarse a la vuelta.<\/p>\n<\/div><p style=\"text-align: center;\"><a style=\"display:none;\" class=\"theTag\" id=\"te1380250274\" onClick=\"expand('#te1380250274');\" href=\"#teMiddle1380250274\"><\/a><\/p><script language=\"JavaScript\" type=\"text\/javascript\">expander_hide('#te1380250274');<\/script>","protected":false},"excerpt":{"rendered":"<p>Tras disfrutar recientemente de la brillante pel\u00edcula, decid\u00ed que ten\u00eda que leer el libro en el que estaba fielmente basada, y fue uno de esos grand\u00edsimos aciertos del que qued\u00e9 plenamente satisfecho. No s\u00f3lo me encant\u00f3 e impact\u00f3, sino que no hab\u00eda le\u00eddo nada tan desgarrador desde algunas de las m\u00e1s crudas escenas del Ensayo &hellip; <\/p>\n<p class=\"link-more\"><a href=\"https:\/\/www.tiendadeultramarinos.es\/?p=2611\" class=\"more-link\">Seguir leyendo<span class=\"screen-reader-text\"> \u00abSin novedad en el frente\u00bb<\/span><\/a><\/p>\n","protected":false},"author":1,"featured_media":0,"comment_status":"open","ping_status":"open","sticky":false,"template":"","format":"standard","meta":{"footnotes":""},"categories":[7,15,16],"tags":[709,462,765,766],"class_list":["post-2611","post","type-post","status-publish","format-standard","hentry","category-artes-y-letras","category-historia","category-libros","tag-guerra","tag-literatura","tag-novela","tag-primera-guerra-mundial","entry"],"_links":{"self":[{"href":"https:\/\/www.tiendadeultramarinos.es\/index.php?rest_route=\/wp\/v2\/posts\/2611","targetHints":{"allow":["GET"]}}],"collection":[{"href":"https:\/\/www.tiendadeultramarinos.es\/index.php?rest_route=\/wp\/v2\/posts"}],"about":[{"href":"https:\/\/www.tiendadeultramarinos.es\/index.php?rest_route=\/wp\/v2\/types\/post"}],"author":[{"embeddable":true,"href":"https:\/\/www.tiendadeultramarinos.es\/index.php?rest_route=\/wp\/v2\/users\/1"}],"replies":[{"embeddable":true,"href":"https:\/\/www.tiendadeultramarinos.es\/index.php?rest_route=%2Fwp%2Fv2%2Fcomments&post=2611"}],"version-history":[{"count":5,"href":"https:\/\/www.tiendadeultramarinos.es\/index.php?rest_route=\/wp\/v2\/posts\/2611\/revisions"}],"predecessor-version":[{"id":2615,"href":"https:\/\/www.tiendadeultramarinos.es\/index.php?rest_route=\/wp\/v2\/posts\/2611\/revisions\/2615"}],"wp:attachment":[{"href":"https:\/\/www.tiendadeultramarinos.es\/index.php?rest_route=%2Fwp%2Fv2%2Fmedia&parent=2611"}],"wp:term":[{"taxonomy":"category","embeddable":true,"href":"https:\/\/www.tiendadeultramarinos.es\/index.php?rest_route=%2Fwp%2Fv2%2Fcategories&post=2611"},{"taxonomy":"post_tag","embeddable":true,"href":"https:\/\/www.tiendadeultramarinos.es\/index.php?rest_route=%2Fwp%2Fv2%2Ftags&post=2611"}],"curies":[{"name":"wp","href":"https:\/\/api.w.org\/{rel}","templated":true}]}}