{"id":330,"date":"2008-04-09T19:31:56","date_gmt":"2008-04-09T18:31:56","guid":{"rendered":"http:\/\/www.tiendadeultramarinos.es\/?p=330"},"modified":"2008-04-09T19:31:56","modified_gmt":"2008-04-09T18:31:56","slug":"protagoras","status":"publish","type":"post","link":"https:\/\/www.tiendadeultramarinos.es\/?p=330","title":{"rendered":"Prot\u00e1goras"},"content":{"rendered":"<p>De alguna forma que no recuerdo ayer termin\u00e9 en un par de art\u00edculos de fil\u00f3sofos presocr\u00e1ticos y sofistas y, cosas de la Wikipedia, hoy ten\u00eda abiertas unas cuantas pesta\u00f1as con varios de ellos, que en los ratos libres voy leyendo.<\/p>\n<p>A <a href=\"http:\/\/es.wikipedia.org\/wiki\/Prot%C3%A1goras\">Prot\u00e1goras<\/a> se le considera uno de los padres de la ret\u00f3rica, as\u00ed como de ser el primero en cobrar \u2015un alto precio adem\u00e1s\u2015 por sus ense\u00f1anzas. Se le consideraba extremadamente en este arte y un excelente profesor.<\/p><a name=\"teMiddle1958639705\"><\/a><div class=\"te_div\" id=\"te1958639705\">\n<p>Tambi\u00e9n es el autor del famoso dicho: \u00ab<em>El hombre es la medida de todas las cosas<\/em>\u00bb, que quizas sea m\u00e1s conocido que el propio sofista.<\/p>\n<p>El caso es que he le\u00eddo una an\u00e9cdota que no puedo por menos que compartirla con vosotros:<\/p>\n<blockquote><p>\u00abEra famosa en la antig\u00fcedad una an\u00e9cdota acerca de un pacto de honorarios entre Prot\u00e1goras y un disc\u00edpulo suyo, llamado Evatlo. Hab\u00edan acordado el pago s\u00f3lo para el evento de que el aprendiz llegara a ganar un juicio haciendo uso de las adquiridas dotes ret\u00f3ricas. Evatlo, como no ganaba caso alguno, se negaba a pagar. Entonces, Prot\u00e1goras lo llev\u00f3 a juicio, dici\u00e9ndole: <em>\u00abSi yo gano, es preciso que por haber ganado me entregues los honorarios; si t\u00fa ganas, por haberse cumplido la condici\u00f3n, tambi\u00e9n deber\u00edas pagarme.\u00bb<\/em>\u00bb<\/p><\/blockquote>\n<p>Supongo que, como muchos otros hicieran despu\u00e9s, muchas de las clases que diera fuesen a ciudadanos que fueran a enfrentarse a un juicio, puesto que en Grecia ten\u00edan que defenderse a s\u00ed mismos.<\/p>\n<\/div><p style=\"text-align: center;\"><a style=\"display:none;\" class=\"theTag\" id=\"te1958639705\" onClick=\"expand('#te1958639705');\" href=\"#teMiddle1958639705\"><\/a><\/p><script language=\"JavaScript\" type=\"text\/javascript\">expander_hide('#te1958639705');<\/script>","protected":false},"excerpt":{"rendered":"<p>De alguna forma que no recuerdo ayer termin\u00e9 en un par de art\u00edculos de fil\u00f3sofos presocr\u00e1ticos y sofistas y, cosas de la Wikipedia, hoy ten\u00eda abiertas unas cuantas pesta\u00f1as con varios de ellos, que en los ratos libres voy leyendo. A Prot\u00e1goras se le considera uno de los padres de la ret\u00f3rica, as\u00ed como de &hellip; <\/p>\n<p class=\"link-more\"><a href=\"https:\/\/www.tiendadeultramarinos.es\/?p=330\" class=\"more-link\">Seguir leyendo<span class=\"screen-reader-text\"> \u00abProt\u00e1goras\u00bb<\/span><\/a><\/p>\n","protected":false},"author":1,"featured_media":0,"comment_status":"open","ping_status":"open","sticky":false,"template":"","format":"standard","meta":{"footnotes":""},"categories":[7,15],"tags":[137,134,136,135],"class_list":["post-330","post","type-post","status-publish","format-standard","hentry","category-artes-y-letras","category-historia","tag-filosofia","tag-protagoras","tag-retorica","tag-sofista","entry"],"_links":{"self":[{"href":"https:\/\/www.tiendadeultramarinos.es\/index.php?rest_route=\/wp\/v2\/posts\/330","targetHints":{"allow":["GET"]}}],"collection":[{"href":"https:\/\/www.tiendadeultramarinos.es\/index.php?rest_route=\/wp\/v2\/posts"}],"about":[{"href":"https:\/\/www.tiendadeultramarinos.es\/index.php?rest_route=\/wp\/v2\/types\/post"}],"author":[{"embeddable":true,"href":"https:\/\/www.tiendadeultramarinos.es\/index.php?rest_route=\/wp\/v2\/users\/1"}],"replies":[{"embeddable":true,"href":"https:\/\/www.tiendadeultramarinos.es\/index.php?rest_route=%2Fwp%2Fv2%2Fcomments&post=330"}],"version-history":[{"count":0,"href":"https:\/\/www.tiendadeultramarinos.es\/index.php?rest_route=\/wp\/v2\/posts\/330\/revisions"}],"wp:attachment":[{"href":"https:\/\/www.tiendadeultramarinos.es\/index.php?rest_route=%2Fwp%2Fv2%2Fmedia&parent=330"}],"wp:term":[{"taxonomy":"category","embeddable":true,"href":"https:\/\/www.tiendadeultramarinos.es\/index.php?rest_route=%2Fwp%2Fv2%2Fcategories&post=330"},{"taxonomy":"post_tag","embeddable":true,"href":"https:\/\/www.tiendadeultramarinos.es\/index.php?rest_route=%2Fwp%2Fv2%2Ftags&post=330"}],"curies":[{"name":"wp","href":"https:\/\/api.w.org\/{rel}","templated":true}]}}