{"id":361,"date":"2008-06-19T01:05:30","date_gmt":"2008-06-19T00:05:30","guid":{"rendered":"http:\/\/www.tiendadeultramarinos.es\/?p=361"},"modified":"2008-06-24T22:23:02","modified_gmt":"2008-06-24T21:23:02","slug":"la-expo-del-video","status":"publish","type":"post","link":"https:\/\/www.tiendadeultramarinos.es\/?p=361","title":{"rendered":"La EXPO del video"},"content":{"rendered":"<p>Llego ahora de mi primera visita a la EXPO y vaya fiasco. La verdad es que en un principio no ten\u00eda pensado acudir, pero me regalaron entradas, as\u00ed que decid\u00ed aprovecharlas; teniendo una Exposici\u00f3n Internacional a media hora de casa es casi absurdo no aprovechar y verla.<\/p>\n<p>Sin embargo, vuelvo <strong>completamente decepcionado<\/strong>. Lo \u00fanico que he disfrutado han sido los edificios: hay que reconocer que son unas construcciones impresionantes, bonitas y curiosas; pero <strong>cuando el continente es mejor que el contenido, estamos haciendo algo mal<\/strong>.<\/p><a name=\"teMiddle2056010245\"><\/a><div class=\"te_div\" id=\"te2056010245\">\n<p>El denominador com\u00fan de todo el recinto han sido las <strong>proyecciones<\/strong>: v\u00eddeos en pantallas, v\u00eddeos en las paredes, v\u00eddeos en el suelo, v\u00eddeos en el techo, v\u00eddeos en tinajas, v\u00eddeos sobre agua&#8230; v\u00eddeos, v\u00eddeos y m\u00e1s v\u00eddeos. V\u00eddeos de documental, de los que tan vistos tenemos desde el sof\u00e1 de nuestra casa y por los que no merece la pena pagar un solo c\u00e9ntimo por ver desde la incomodidad del suelo o de unos muebles haciendo las funciones de asientos.<\/p>\n<p>S\u00f3lo decir que hemos llegado al Pabell\u00f3n de Arag\u00f3n con miedo de encontrarnos con un v\u00eddeo de Monesma de c\u00f3mo hacer cuerdas de esparto o carb\u00f3n natural. Por suerte era una obra de Carlos Saura ad hoc con una impresionante fotograf\u00eda.<\/p>\n<p>Hemos empezado viendo los pabellones de los distintos pa\u00edses y no nos dec\u00edan nada hasta llegar a Suecia, que ha sido el primero en el que realmente hemos visto una especie de presentaci\u00f3n del pa\u00eds y temas relacionados con el agua y el ahorro. Esto es lo que esperaba encontrarme en todos los dem\u00e1s: unas pinceladas de las culturas de cada pa\u00eds invitado y su forma de enfrentarse a los problemas del agua; una invitaci\u00f3n a plantearte visitar el pa\u00eds en cuesti\u00f3n. Por el contrario, la mayor\u00eda se limitaban a poner fotograf\u00edas y v\u00eddeos de espacios con agua: sus r\u00edos, lagos, playas&#8230; Si hasta los eslovacos ten\u00edan igual 40 \u00f3 50 botellas de agua mineral para demostrar la cantidad de manantiales que existen en su pa\u00eds. \u00bfResultado? <strong>Terminas convencido de que lo que sobra en el mundo es agua<\/strong>.<\/p>\n<p>Realmente por eso creo que han enfocado francamente mal las exposiciones, stands y actuaciones: <strong>abuscan completamente del agua para todo<\/strong>. Una de las obras que se realizan a diario cuatro veces al d\u00eda, y que nos ha encantado consist\u00eda en su mayor parte en cinco tios lanz\u00e1ndose increibles chorretazos de agua los unos a los otros \u2014muy original, no dar\u00e9 detalles, pero si acudis no os perd\u00e1is <em>El Hombre Vertiente<\/em>\u2014 pero por muy bonita y distinta que fuera, no eran sino 5 personajes malgastando agua de mala manera \u2014evidentemente imagino que colar\u00e1n toda y la reutilizar\u00e1n, pero no es la imagen que queda\u2014. Y todos los dem\u00e1s edificios ten\u00edan tambi\u00e9n agua por todas partes: r\u00edos artificiales, cascadas sobre cristal, fuentes, lluvia artificial, vaporizadores&#8230;<\/p>\n<p>Tampoco es que pretenda entrar ahora en la doble moral que supone organizar la EXPO del agua, <strong>del ahorro del agua<\/strong> y todos los conceptos de ecologismo y desarrollo sostenible que implica, con el consiguiente gasto que se produce no s\u00f3lo de montarla en condiciones normales, sino en el lugar malescogido de la ribera del r\u00edo. La doble moral de estar gastando miles y miles de litros de agua en todos esos edificios que supuestamente pretenden concienciar de la importancia de ahorrar el l\u00edquido elemento. No, no insistir\u00e9 en ello porque ya lo ha hecho mucha gente antes que yo y con todo mucho mejor estudiado que mi simple visi\u00f3n parcial del asunto. Lo que yo quiero criticar es lo absurdo de la muestra.<\/p>\n<p>Una aplastante mayor\u00eda de stands se limitaban a ofrecer \u2014algunos te obligaban a trag\u00e1rtelos sin posibilidad de escape\u2014 unos v\u00eddeos insulsos y, muchos de ellos, para ni\u00f1os, en los que simplemente presentaban unas bonitas im\u00e1genes de sitios id\u00edlicos del pa\u00eds. Algunos de dibujos como el bochornoso v\u00eddeo en c\u00fapula del pabell\u00f3n de Espa\u00f1a, otros con m\u00e1s jugo, pero nada del otro mundo al fin y al cabo. Y, sin duda, los pa\u00edses que se llevaban el premio gordo eran los que llenaban toda su zona con chiringuitos donde comprar casi la misma bisuteria que encuentras en los mercadillos en fiestas. Pero nada m\u00e1s, ni una triste presentaci\u00f3n sobre el pa\u00eds ni nada parecido: todo tienda. No descarto que los de Nepal sean los sudamericanos que vienen para San Lorenzo, que desde la DGA les han dejado disfraces y los han contratado para tres meses. Y as\u00ed unos cuantos.<\/p>\n<p>El resultado final: decepci\u00f3n. Pero eso s\u00ed, unos edificios muy bonitos. Ah, y calor. Esperad a septiembre o a d\u00edas lluviosos, porque hay unas explanadas sin una miserable sombra a las que no querr\u00eda enfrentarme en julio\/agosto. Oh, y sobre los famosos <em>precios populares<\/em> me reservo a pasar las fotos al ordenador y poder ense\u00f1ar lo que cobran por <em>una puta mierda<\/em>.<\/p>\n<\/div><p style=\"text-align: center;\"><a style=\"display:none;\" class=\"theTag\" id=\"te2056010245\" onClick=\"expand('#te2056010245');\" href=\"#teMiddle2056010245\"><\/a><\/p><script language=\"JavaScript\" type=\"text\/javascript\">expander_hide('#te2056010245');<\/script>","protected":false},"excerpt":{"rendered":"<p>Llego ahora de mi primera visita a la EXPO y vaya fiasco. La verdad es que en un principio no ten\u00eda pensado acudir, pero me regalaron entradas, as\u00ed que decid\u00ed aprovecharlas; teniendo una Exposici\u00f3n Internacional a media hora de casa es casi absurdo no aprovechar y verla. Sin embargo, vuelvo completamente decepcionado. Lo \u00fanico que &hellip; <\/p>\n<p class=\"link-more\"><a href=\"https:\/\/www.tiendadeultramarinos.es\/?p=361\" class=\"more-link\">Seguir leyendo<span class=\"screen-reader-text\"> \u00abLa EXPO del video\u00bb<\/span><\/a><\/p>\n","protected":false},"author":1,"featured_media":0,"comment_status":"open","ping_status":"open","sticky":false,"template":"","format":"standard","meta":{"footnotes":""},"categories":[33],"tags":[782,185,186,187],"class_list":["post-361","post","type-post","status-publish","format-standard","hentry","category-actualidad","tag-actualidad","tag-expo","tag-fracaso","tag-zaragoza","entry"],"_links":{"self":[{"href":"https:\/\/www.tiendadeultramarinos.es\/index.php?rest_route=\/wp\/v2\/posts\/361","targetHints":{"allow":["GET"]}}],"collection":[{"href":"https:\/\/www.tiendadeultramarinos.es\/index.php?rest_route=\/wp\/v2\/posts"}],"about":[{"href":"https:\/\/www.tiendadeultramarinos.es\/index.php?rest_route=\/wp\/v2\/types\/post"}],"author":[{"embeddable":true,"href":"https:\/\/www.tiendadeultramarinos.es\/index.php?rest_route=\/wp\/v2\/users\/1"}],"replies":[{"embeddable":true,"href":"https:\/\/www.tiendadeultramarinos.es\/index.php?rest_route=%2Fwp%2Fv2%2Fcomments&post=361"}],"version-history":[{"count":0,"href":"https:\/\/www.tiendadeultramarinos.es\/index.php?rest_route=\/wp\/v2\/posts\/361\/revisions"}],"wp:attachment":[{"href":"https:\/\/www.tiendadeultramarinos.es\/index.php?rest_route=%2Fwp%2Fv2%2Fmedia&parent=361"}],"wp:term":[{"taxonomy":"category","embeddable":true,"href":"https:\/\/www.tiendadeultramarinos.es\/index.php?rest_route=%2Fwp%2Fv2%2Fcategories&post=361"},{"taxonomy":"post_tag","embeddable":true,"href":"https:\/\/www.tiendadeultramarinos.es\/index.php?rest_route=%2Fwp%2Fv2%2Ftags&post=361"}],"curies":[{"name":"wp","href":"https:\/\/api.w.org\/{rel}","templated":true}]}}