{"id":362,"date":"2008-07-12T18:27:02","date_gmt":"2008-07-12T17:27:02","guid":{"rendered":"http:\/\/www.tiendadeultramarinos.es\/?p=362"},"modified":"2008-07-12T18:27:02","modified_gmt":"2008-07-12T17:27:02","slug":"el-verano-y-mi-nuevo-yo","status":"publish","type":"post","link":"https:\/\/www.tiendadeultramarinos.es\/?p=362","title":{"rendered":"El verano y mi nuevo yo"},"content":{"rendered":"<p>Esto de escribir entradas de mes a mes me jode un huevo, pero qu\u00e9 le voy a hacer. \u00c9ste debe de ser uno de los blogs con menos linealidad de la historia. Vengo un poco a excusarme y as\u00ed de paso poder actualizar el blog.<\/p>\n<p>La verdad es que este verano es completamente distinto a cualquier otro que haya vivido hasta ahora. Quienes me conocen saben que durante los anteriores tres a\u00f1os de universidad casi he levantado mi carrera durante los meses de verano, a los que llegaba con bastantes asignaturas suspensas. Sin embargo, este a\u00f1o he logrado que la cifra se reduzca a media (un cuatrimestre). Siendo que llevaba s\u00f3lo seis no parece muy meritorio, pero si tenemos en cuenta que eran de lo m\u00e1s jodido de la carrera, estoy bastante contento.<\/p><a name=\"teMiddle977069568\"><\/a><div class=\"te_div\" id=\"te977069568\">\n<p>Por otro lado, otro cambio sustancial es que, por primera vez en mi puta vida, doy palo al agua. El a\u00f1o pasado una empresa de inform\u00e1tica dio un curso en colaboraci\u00f3n con la EUPLA por el cual me llamaron las \u00faltimas semanas de curso para ofrecerme un contrato de pr\u00e1cticas y unas sustituciones, as\u00ed que acept\u00e9. Lo \u00fanico malo es que no son aqu\u00ed en Huesca y debo acercarme casi hasta Zaragoza todas las ma\u00f1anas; pero por lo menos entro en contacto con el mundo laboral, que ya iba siendo hora.<\/p>\n<p>Con media asignatura parece que un trabajo de ma\u00f1anas puede combinarse bastante bien y que podr\u00eda tener un verano de puta madre, pero querr\u00eda entregar el Proyecto Fin de Carrera  a principios de noviembre en la primera convocatoria de este a\u00f1o y me he embarcado en algo bastante complejo (Inteligencia Artificial y Computaci\u00f3n Distribu\u00edda),\u00a0 as\u00ed que al final voy a ir m\u00e1s jodido de tiempo de lo que pensaba.<\/p>\n<p>Lo peor de todo, sin lugar a dudas, las Fiestas: me fui a principios de este mes una semana a la playa con mis amigos (nos limitamos casi a dormir en cualquier momento, comer hasta reventar, beber cerveza, cagar varias vecse al d\u00eda e ir a la playa cuando ya no pega fuerte el sol; eso es lo que llamo yo unas vacaciones) y creo que ya gast\u00e9 casi todo mi tiempo para escapadas de ociosas as\u00ed, de modo que me pierdo San Fermines y Vaquillas del \u00c1ngel (pensaba ir al menos a una de ellas). Pero lo <strong>peor, peor, peor<\/strong> es que me toca trabajar justo la semana de San Lorenzo. Lo \u00fanico que me consuela es que por lo menos del 9 al 10 estar\u00e9, y luego del 14 al 16 tambi\u00e9n. As\u00ed que esos d\u00edas a tope.<\/p>\n<p>Y otra peque\u00f1a putadilla que me ha ocurrido con mi expediente es que se me quedaron dos cr\u00e9ditos de libre elecci\u00f3n colgados (hice un curso de un cr\u00e9dito y otro de 6) as\u00ed que he estado esperando todo el a\u00f1o por alguno qu\u00e9 hacer, pero no encontr\u00e9 nada. Por lo tanto, mi \u00fanica salida eran <a href=\"http:\/\/moncayo.unizar.es\/cv\/cursosdeverano.nsf\">los cursos de verano ofertados por la Universidad de Zaragoza<\/a>. De todos ellos, el \u00fanico que pod\u00eda encajar un poco con mi carrera y que me parec\u00eda interesante es <a href=\"http:\/\/moncayo.unizar.es\/cv\/cursosdeverano.nsf\/12ae3827610f7a0fc1256fbe00465099\/0ba977c9100b7c5ec12573db0045fe41?OpenDocument\">uno sobre matem\u00e1ticas<\/a>. En las 20 horas de duraci\u00f3n dar\u00e1n un repaso a las matem\u00e1ticas b\u00e1sicas utilizadas para determinar el movimiento de los astros y las sondas y para c\u00e1lculos terrestres como la forma y dimensiones de la Tierra, etc\u00e9tera. Supongo que los temas ser\u00e1n similares a los tratados en el libro <a href=\"https:\/\/www.tiendadeultramarinos.es\/?p=229\">La Poes\u00eda del Universo<\/a> que le\u00ed el a\u00f1o pasado. Tambi\u00e9n espero poder sacar alguna idea interesante como en la <a href=\"https:\/\/www.tiendadeultramarinos.es\/?p=227\">charla sobre matem\u00e1ticas del curso de Astrof\u00edsica en Huesca<\/a> tambi\u00e9n del verano pasado. As\u00ed que la semana que viene ya os contar\u00e9.<\/p>\n<\/div><p style=\"text-align: center;\"><a style=\"display:none;\" class=\"theTag\" id=\"te977069568\" onClick=\"expand('#te977069568');\" href=\"#teMiddle977069568\"><\/a><\/p><script language=\"JavaScript\" type=\"text\/javascript\">expander_hide('#te977069568');<\/script>","protected":false},"excerpt":{"rendered":"<p>Esto de escribir entradas de mes a mes me jode un huevo, pero qu\u00e9 le voy a hacer. \u00c9ste debe de ser uno de los blogs con menos linealidad de la historia. Vengo un poco a excusarme y as\u00ed de paso poder actualizar el blog. La verdad es que este verano es completamente distinto a &hellip; <\/p>\n<p class=\"link-more\"><a href=\"https:\/\/www.tiendadeultramarinos.es\/?p=362\" class=\"more-link\">Seguir leyendo<span class=\"screen-reader-text\"> \u00abEl verano y mi nuevo yo\u00bb<\/span><\/a><\/p>\n","protected":false},"author":1,"featured_media":0,"comment_status":"open","ping_status":"open","sticky":false,"template":"","format":"standard","meta":{"footnotes":""},"categories":[10],"tags":[149,191,190,189,188,143],"class_list":["post-362","post","type-post","status-publish","format-standard","hentry","category-introspeccion","tag-estudios","tag-matematicas","tag-pfc","tag-trabajo","tag-verano","tag-yo","entry"],"_links":{"self":[{"href":"https:\/\/www.tiendadeultramarinos.es\/index.php?rest_route=\/wp\/v2\/posts\/362","targetHints":{"allow":["GET"]}}],"collection":[{"href":"https:\/\/www.tiendadeultramarinos.es\/index.php?rest_route=\/wp\/v2\/posts"}],"about":[{"href":"https:\/\/www.tiendadeultramarinos.es\/index.php?rest_route=\/wp\/v2\/types\/post"}],"author":[{"embeddable":true,"href":"https:\/\/www.tiendadeultramarinos.es\/index.php?rest_route=\/wp\/v2\/users\/1"}],"replies":[{"embeddable":true,"href":"https:\/\/www.tiendadeultramarinos.es\/index.php?rest_route=%2Fwp%2Fv2%2Fcomments&post=362"}],"version-history":[{"count":0,"href":"https:\/\/www.tiendadeultramarinos.es\/index.php?rest_route=\/wp\/v2\/posts\/362\/revisions"}],"wp:attachment":[{"href":"https:\/\/www.tiendadeultramarinos.es\/index.php?rest_route=%2Fwp%2Fv2%2Fmedia&parent=362"}],"wp:term":[{"taxonomy":"category","embeddable":true,"href":"https:\/\/www.tiendadeultramarinos.es\/index.php?rest_route=%2Fwp%2Fv2%2Fcategories&post=362"},{"taxonomy":"post_tag","embeddable":true,"href":"https:\/\/www.tiendadeultramarinos.es\/index.php?rest_route=%2Fwp%2Fv2%2Ftags&post=362"}],"curies":[{"name":"wp","href":"https:\/\/api.w.org\/{rel}","templated":true}]}}