{"id":390,"date":"2008-09-02T10:37:26","date_gmt":"2008-09-02T09:37:26","guid":{"rendered":"http:\/\/www.tiendadeultramarinos.es\/?p=390"},"modified":"2008-09-02T10:37:26","modified_gmt":"2008-09-02T09:37:26","slug":"sistema-tierra-luna","status":"publish","type":"post","link":"https:\/\/www.tiendadeultramarinos.es\/?p=390","title":{"rendered":"Sistema Tierra-Luna"},"content":{"rendered":"<p>Genial el <a href=\"http:\/\/eltamiz.com\/2008\/08\/26\/el-sistema-solar-la-luna-i\/\">\u00faltimo art\u00edculo<\/a> de <a href=\"http:\/\/eltamiz.com\/\">El Tamiz<\/a> en el que Pedro explica diversas peculiaridades de la Luna.<\/p>\n<p>Para empezar, resulta increible que en el siglo V antes de Cristo Anax\u00e1goras dedujera que el Sol es una esfera incandescente y la Luna una esfera rocosa que refleja los rayos del Sol, y cuyas \u00absobras\u00bb son debidas a la interposici\u00f3n de la Tierra, tambi\u00e9n esf\u00e9rica, entre medio. Pese a que podamos pensar a menudo en lo avanzados que estaban los griegos y lo mucho que sab\u00edan, estas declaraciones supusieron que fuese acusado de impiedad, exiliandose de Atenas. Y, adem\u00e1s, hay que recordar que entonces no se pose\u00edan telescopios.<\/p><a name=\"teMiddle1963487775\"><\/a><div class=\"te_div\" id=\"te1963487775\">\n<p>Tambi\u00e9n habla sobre los primeros cart\u00f3grafos de nuestro sat\u00e9lite, haciendo especial menci\u00f3n al mapa dibujado por <a href=\"http:\/\/es.wikipedia.org\/wiki\/Johannes_Hevelius\">Johannes Hevelius<\/a> en su Selenographia (1647), que no puedo evitarsubir aqu\u00ed. Seg\u00fan la Wikipedia tard\u00f3 cuatro a\u00f1os en elaborarlo.<\/p>\n<p><a href=\"https:\/\/www.tiendadeultramarinos.es\/wordpress\/wp-content\/uploads\/mapa-de-la-luna-por-hevelius.jpg\" title=\"Mapa lunar\"><\/p>\n<p style=\"text-align: center\"><img decoding=\"async\" src=\"https:\/\/www.tiendadeultramarinos.es\/wordpress\/wp-content\/uploads\/mapa-de-la-luna-por-hevelius.thumbnail.jpg\" alt=\"Mapa lunar\" \/><\/p>\n<p><\/a><\/p>\n<p>Para finalizar, explica con todo detalle por qu\u00e9 vemos siempre la misma cara (aproximadamente) de la Luna, por qu\u00e9 se aleja 3,8 cent\u00edmetros al a\u00f1o, y c\u00f3mo influye todo esto en ella y en la Tierra. Parece mentira que, pese a ser un sat\u00e9lite a nuestro alrededor pueda influir tanto en el comportamiento de nuestro planeta.<\/p>\n<p>Y todo esto, conclusiones con lo que podemos ver desde aqu\u00ed, todo lo que se sab\u00eda antes de que la pis\u00e1ramos; la informaci\u00f3n de despu\u00e9s parece que la deja para otra historia m\u00e1s adelante. Os invito a que disfrut\u00e9is aprendiendo un poco m\u00e1s sobre nuestro gran sat\u00e9lite en <a href=\"http:\/\/eltamiz.com\/2008\/08\/26\/el-sistema-solar-la-luna-i\/\">su art\u00edculo original<\/a>.<\/p>\n<\/div><p style=\"text-align: center;\"><a style=\"display:none;\" class=\"theTag\" id=\"te1963487775\" onClick=\"expand('#te1963487775');\" href=\"#teMiddle1963487775\"><\/a><\/p><script language=\"JavaScript\" type=\"text\/javascript\">expander_hide('#te1963487775');<\/script>","protected":false},"excerpt":{"rendered":"<p>Genial el \u00faltimo art\u00edculo de El Tamiz en el que Pedro explica diversas peculiaridades de la Luna. Para empezar, resulta increible que en el siglo V antes de Cristo Anax\u00e1goras dedujera que el Sol es una esfera incandescente y la Luna una esfera rocosa que refleja los rayos del Sol, y cuyas \u00absobras\u00bb son debidas &hellip; <\/p>\n<p class=\"link-more\"><a href=\"https:\/\/www.tiendadeultramarinos.es\/?p=390\" class=\"more-link\">Seguir leyendo<span class=\"screen-reader-text\"> \u00abSistema Tierra-Luna\u00bb<\/span><\/a><\/p>\n","protected":false},"author":1,"featured_media":0,"comment_status":"open","ping_status":"open","sticky":false,"template":"","format":"standard","meta":{"footnotes":""},"categories":[11,15],"tags":[255,222,252,253,254,251],"class_list":["post-390","post","type-post","status-publish","format-standard","hentry","category-ciencias","category-historia","tag-cartografia","tag-ciencia","tag-luna","tag-sistema-solar","tag-tamiz","tag-tierra","entry"],"_links":{"self":[{"href":"https:\/\/www.tiendadeultramarinos.es\/index.php?rest_route=\/wp\/v2\/posts\/390","targetHints":{"allow":["GET"]}}],"collection":[{"href":"https:\/\/www.tiendadeultramarinos.es\/index.php?rest_route=\/wp\/v2\/posts"}],"about":[{"href":"https:\/\/www.tiendadeultramarinos.es\/index.php?rest_route=\/wp\/v2\/types\/post"}],"author":[{"embeddable":true,"href":"https:\/\/www.tiendadeultramarinos.es\/index.php?rest_route=\/wp\/v2\/users\/1"}],"replies":[{"embeddable":true,"href":"https:\/\/www.tiendadeultramarinos.es\/index.php?rest_route=%2Fwp%2Fv2%2Fcomments&post=390"}],"version-history":[{"count":0,"href":"https:\/\/www.tiendadeultramarinos.es\/index.php?rest_route=\/wp\/v2\/posts\/390\/revisions"}],"wp:attachment":[{"href":"https:\/\/www.tiendadeultramarinos.es\/index.php?rest_route=%2Fwp%2Fv2%2Fmedia&parent=390"}],"wp:term":[{"taxonomy":"category","embeddable":true,"href":"https:\/\/www.tiendadeultramarinos.es\/index.php?rest_route=%2Fwp%2Fv2%2Fcategories&post=390"},{"taxonomy":"post_tag","embeddable":true,"href":"https:\/\/www.tiendadeultramarinos.es\/index.php?rest_route=%2Fwp%2Fv2%2Ftags&post=390"}],"curies":[{"name":"wp","href":"https:\/\/api.w.org\/{rel}","templated":true}]}}