{"id":395,"date":"2008-09-15T00:12:12","date_gmt":"2008-09-14T22:12:12","guid":{"rendered":"http:\/\/www.tiendadeultramarinos.es\/?p=395"},"modified":"2011-11-29T16:23:05","modified_gmt":"2011-11-29T14:23:05","slug":"ayer-si-que-me-gusto-la-expo","status":"publish","type":"post","link":"https:\/\/www.tiendadeultramarinos.es\/?p=395","title":{"rendered":"Ayer s\u00ed que me gust\u00f3 la EXPO"},"content":{"rendered":"<p>Cualquiera que lea esto se sorprender\u00e1, especialmente <a href=\"https:\/\/www.tiendadeultramarinos.es\/?p=361\">viendo mi opini\u00f3n la primera vez que estuve<\/a> \u2014fracaso\u2014, pero <strong>ayer disfrut\u00e9 en la EXPO<\/strong>. \u00bfEl secreto? Entr\u00e9 en pabellones contados con la mano, sin hacer colas, claro, pero estuve en dos conciertos geniales. Qui\u00e9n dice ayer, dice el viernes.<\/p>\n<p>El primero fue casual. Mirando la programaci\u00f3n del d\u00eda vi que a las siete tocaba un grupo llamado <a href=\"http:\/\/en.wikipedia.org\/wiki\/Wolfgang_Muthspiel\">Wolfgang Muthspiel<\/a> en el Balc\u00f3n de las M\u00fasicas y que lo catalogaban como m\u00fasica jazz. As\u00ed que nos dirigimos puntuales y disfrutamos de este tr\u00edo austriaco compuesto por guitarra \u2014el propio Wolfgang\u2014, contrabajo y bater\u00eda. Apenas tocaron unos seis temas \u00f3 siete temas, pero tanto los solos de cada uno como cuando le met\u00edan marcha los tres juntos estuvieron geniales. Cuando termin\u00f3 me fui con muy buen sabor de boca.<\/p><a name=\"teMiddle2008178686\"><\/a><div class=\"te_div\" id=\"te2008178686\">\n<p align=\"center\"><object width=\"425\" height=\"344\"><param name=\"movie\" value=\"http:\/\/www.youtube.com\/v\/Ki4fxuW0XKA&#038;hl=en&#038;fs=1&#038;rel=0\"><\/param><param name=\"allowFullScreen\" value=\"true\"><\/param><embed src=\"http:\/\/www.youtube.com\/v\/Ki4fxuW0XKA&#038;hl=en&#038;fs=1&#038;rel=0\" type=\"application\/x-shockwave-flash\" allowfullscreen=\"true\" width=\"425\" height=\"344\"><\/embed><\/object><\/p>\n<p>Por lo que cuenta la Wikipedia, <a href=\"http:\/\/en.wikipedia.org\/wiki\/Wolfgang_Muthspiel\">Wolfgang Muthspiel<\/a>, el guitarrista, lleva sacando discos desde 1987 y en 2003 gan\u00f3 el Premio Europeo de Jazz. Seg\u00fan <a href=\"http:\/\/sopadehielo.blogspot.com\/2008\/05\/dhafer-youssef-wolfgang-muthspiel.html\">un blogger hablando de un concierto<\/a> que dio en mayo junto a Dhafer Youssef, Muthspiel es actualmente considerado uno de los mejores m\u00fasicos de Europa. En <a href=\"http:\/\/www.myspace.com\/wolfgangmuthspiel\">su MySpace<\/a> pod\u00e9is escuchar cuatro canciones, una de las cuales \u2014Sand Dance\u2014 por la car\u00e1tula que se ve es el disco que ha sacado recientemente con este otro m\u00fasico.<\/p>\n<p align=\"center\"><object width=\"425\" height=\"344\"><param name=\"movie\" value=\"http:\/\/www.youtube.com\/v\/mbA0RmHD7RY&#038;hl=en&#038;fs=1&#038;rel=0\"><\/param><param name=\"allowFullScreen\" value=\"true\"><\/param><embed src=\"http:\/\/www.youtube.com\/v\/mbA0RmHD7RY&#038;hl=en&#038;fs=1&#038;rel=0\" type=\"application\/x-shockwave-flash\" allowfullscreen=\"true\" width=\"425\" height=\"344\"><\/embed><\/object><\/p>\n<p>M\u00e1s tarde, como plato fuerte del d\u00eda, tocaban Antony and the Johnsons, acompa\u00f1ados en esta gira por la Orquesta Milano Cl\u00e1sica. S\u00f3lo una palabra puede definir todo el concierto: precioso. La increible voz de Antony Hegarty te cautiva desde el principio, con toda la emoci\u00f3n que pone a cada palabra que sale de su boca. Adem\u00e1s, lo m\u00e1s destacable es que al intervenir tambi\u00e9n la Milan Symphony, las canciones no sonaban exactamente igual que en los discos, gracias al nuevo acompa\u00f1amiento. Toco varias promocionando su nuevo album, y otras que me encantan como <em>Cripple and the Starfish<\/em> o <em>For today I am a boy<\/em>. Increible de principio a fin, con la \u00fanica pega del fr\u00edo que hac\u00eda anoche, pero hab\u00eda momentos en los que inevitablemente te olvidabas escuchando a Hegarty.Otra gran putada fue que cualquiera pudiese entrar al concierto, siendo gratis para todos los que estaban por la EXPO. Esto significa que por todos lados hab\u00eda desgraciados que no paraban de hablar, o que no les hab\u00eda gustado y se levantaban y se iban, cortando toda la tranquilidad y serenidad que se requieren para disfrutar plenamente de un concierto as\u00ed. Tambi\u00e9n se escuch\u00f3 la megafon\u00eda de la feria, aunque por suerte fue entre canci\u00f3n y canci\u00f3n y Antony se lo tom\u00f3 con filosof\u00eda e intent\u00f3 acallarla con el poder de sus manos, pero sin exito.  Un momento curioso fue cuando se puso a cantar una versi\u00f3n de una canci\u00f3n de Beyonc\u00e9, que es el \u00fanico v\u00eddeo que hay subido ahora mismo en Youtube de su actuaci\u00f3n en la EXPO.<\/p>\n<p align=\"center\"><object width=\"425\" height=\"344\"><param name=\"movie\" value=\"http:\/\/www.youtube.com\/v\/GKdvBGsTw_A&#038;hl=en&#038;fs=1&#038;rel=0\"><\/param><param name=\"allowFullScreen\" value=\"true\"><\/param><embed src=\"http:\/\/www.youtube.com\/v\/GKdvBGsTw_A&#038;hl=en&#038;fs=1&#038;rel=0\" type=\"application\/x-shockwave-flash\" allowfullscreen=\"true\" width=\"425\" height=\"344\"><\/embed><\/object><\/p>\n<p>Antony and the Johnsons es un grupo que recomiendo a cualquiera que le guste la m\u00fasica tranquila y relajada, y muy distinta a lo que escuchamos habitualmente. La voz de Antony es sobrecogedora en ocasiones y no creo que decepcione a nadie. Pod\u00e9is empezar con las tres de <a href=\"http:\/\/www.myspace.com\/antonyandthejohnsons\">su MySpace<\/a>, algunas de <a href=\"http:\/\/www.antonyandthejohnsons.com\/samples\/samples.html\">su p\u00e1gina oficial<\/a>, o el <a href=\"http:\/\/www.youtube.com\/results?search_query=antony+and+the+johnsons\">propio Youtube<\/a>.Y si quer\u00e9is saber m\u00e1s, <a href=\"http:\/\/es.wikipedia.org\/wiki\/Antony_and_the_Johnsons\">la Wikipedia<\/a> siempre es un buen lugar. En el Peri\u00f3dico de Arag\u00f3n <a href=\"http:\/\/www.elperiodicodearagon.com\/noticias\/noticia.asp?pkid=440361\">tambi\u00e9n hicieron cr\u00f3nica del concierto<\/a> y <a href=\"http:\/\/www.diariodelaltoaragon.es\/index.php?mod=noticias&amp;mem=detalle&amp;relcategoria=1018&amp;idnoticia=309628\">Luis Lles en el Altoarag\u00f3n lo mismo<\/a>, hablando tambi\u00e9n de Muthspiel y otras actuaciones del d\u00eda.Os dejo un par de canciones m\u00e1s de Antony and the Johnsons.<\/p>\n<p align=\"center\">\n<object width=\"425\" height=\"344\"><param name=\"movie\" value=\"http:\/\/www.youtube.com\/v\/_PxPxdn0Jn8&#038;hl=en&#038;fs=1&#038;rel=0\"><\/param><param name=\"allowFullScreen\" value=\"true\"><\/param><embed src=\"http:\/\/www.youtube.com\/v\/_PxPxdn0Jn8&#038;hl=en&#038;fs=1&#038;rel=0\" type=\"application\/x-shockwave-flash\" allowfullscreen=\"true\" width=\"425\" height=\"344\"><\/embed><\/object>\n<\/p>\n<p align=\"center\">\n<object width=\"425\" height=\"344\"><param name=\"movie\" value=\"http:\/\/www.youtube.com\/v\/87fAevsoWXA&#038;hl=en&#038;fs=1&#038;rel=0\"><\/param><param name=\"allowFullScreen\" value=\"true\"><\/param><embed src=\"http:\/\/www.youtube.com\/v\/87fAevsoWXA&#038;hl=en&#038;fs=1&#038;rel=0\" type=\"application\/x-shockwave-flash\" allowfullscreen=\"true\" width=\"425\" height=\"344\"><\/embed><\/object>\n<\/p>\n<p align=\"center\">\n<object width=\"425\" height=\"344\"><param name=\"movie\" value=\"http:\/\/www.youtube.com\/v\/_R3CYVLcYZw&#038;hl=en&#038;fs=1&#038;rel=0\"><\/param><param name=\"allowFullScreen\" value=\"true\"><\/param><embed src=\"http:\/\/www.youtube.com\/v\/_R3CYVLcYZw&#038;hl=en&#038;fs=1&#038;rel=0\" type=\"application\/x-shockwave-flash\" allowfullscreen=\"true\" width=\"425\" height=\"344\"><\/embed><\/object><\/p>\n<\/div><p style=\"text-align: center;\"><a style=\"display:none;\" class=\"theTag\" id=\"te2008178686\" onClick=\"expand('#te2008178686');\" href=\"#teMiddle2008178686\"><\/a><\/p><script language=\"JavaScript\" type=\"text\/javascript\">expander_hide('#te2008178686');<\/script>","protected":false},"excerpt":{"rendered":"<p>Cualquiera que lea esto se sorprender\u00e1, especialmente viendo mi opini\u00f3n la primera vez que estuve \u2014fracaso\u2014, pero ayer disfrut\u00e9 en la EXPO. \u00bfEl secreto? Entr\u00e9 en pabellones contados con la mano, sin hacer colas, claro, pero estuve en dos conciertos geniales. Qui\u00e9n dice ayer, dice el viernes. El primero fue casual. Mirando la programaci\u00f3n del &hellip; <\/p>\n<p class=\"link-more\"><a href=\"https:\/\/www.tiendadeultramarinos.es\/?p=395\" class=\"more-link\">Seguir leyendo<span class=\"screen-reader-text\"> \u00abAyer s\u00ed que me gust\u00f3 la EXPO\u00bb<\/span><\/a><\/p>\n","protected":false},"author":1,"featured_media":0,"comment_status":"open","ping_status":"open","sticky":false,"template":"","format":"standard","meta":{"footnotes":""},"categories":[33,4,12],"tags":[193,185,187],"class_list":["post-395","post","type-post","status-publish","format-standard","hentry","category-actualidad","category-musica","category-videos","tag-aragon","tag-expo","tag-zaragoza","entry"],"_links":{"self":[{"href":"https:\/\/www.tiendadeultramarinos.es\/index.php?rest_route=\/wp\/v2\/posts\/395","targetHints":{"allow":["GET"]}}],"collection":[{"href":"https:\/\/www.tiendadeultramarinos.es\/index.php?rest_route=\/wp\/v2\/posts"}],"about":[{"href":"https:\/\/www.tiendadeultramarinos.es\/index.php?rest_route=\/wp\/v2\/types\/post"}],"author":[{"embeddable":true,"href":"https:\/\/www.tiendadeultramarinos.es\/index.php?rest_route=\/wp\/v2\/users\/1"}],"replies":[{"embeddable":true,"href":"https:\/\/www.tiendadeultramarinos.es\/index.php?rest_route=%2Fwp%2Fv2%2Fcomments&post=395"}],"version-history":[{"count":1,"href":"https:\/\/www.tiendadeultramarinos.es\/index.php?rest_route=\/wp\/v2\/posts\/395\/revisions"}],"predecessor-version":[{"id":2516,"href":"https:\/\/www.tiendadeultramarinos.es\/index.php?rest_route=\/wp\/v2\/posts\/395\/revisions\/2516"}],"wp:attachment":[{"href":"https:\/\/www.tiendadeultramarinos.es\/index.php?rest_route=%2Fwp%2Fv2%2Fmedia&parent=395"}],"wp:term":[{"taxonomy":"category","embeddable":true,"href":"https:\/\/www.tiendadeultramarinos.es\/index.php?rest_route=%2Fwp%2Fv2%2Fcategories&post=395"},{"taxonomy":"post_tag","embeddable":true,"href":"https:\/\/www.tiendadeultramarinos.es\/index.php?rest_route=%2Fwp%2Fv2%2Ftags&post=395"}],"curies":[{"name":"wp","href":"https:\/\/api.w.org\/{rel}","templated":true}]}}