{"id":4,"date":"2006-06-30T21:32:00","date_gmt":"2006-06-30T20:32:00","guid":{"rendered":"http:\/\/blog.tiendadeultramarinos.es\/?p=4"},"modified":"2010-08-26T19:57:49","modified_gmt":"2010-08-26T17:57:49","slug":"javier-marias-entra-en-la-rae","status":"publish","type":"post","link":"https:\/\/www.tiendadeultramarinos.es\/?p=4","title":{"rendered":"Javier Marias entra en la RAE"},"content":{"rendered":"<p>El escritor <a href=\"http:\/\/es.wikipedia.org\/wiki\/Javier_Mar%C3%ADas\">Javier Marias<\/a> fue ayer elegido para ocupar la letra R en la <a href=\"http:\/\/es.wikipedia.org\/wiki\/Real_Academia_Espa%C3%B1ola_de_la_Lengua\">Real Academia Espa\u00f1ola<\/a> de la Lengua.<br \/>La votaci\u00f3n fue favorable por m\u00e1s de dos tercios de la c\u00e1mara \u2014en la primera votaci\u00f3n\u2014 lo cual es considerado bastante meritorio debido a que pocos acad\u00e9micos son aceptados a la primera \u2014generalmente, se realiza una segunda votaci\u00f3n\u2014. Hab\u00eda sido propuesto por Gregorio Salvador, Arturo P\u00e9rez-Reverte y Claudio Guill\u00e9n<\/p>\n<p>El sill\u00f3n de la R hab\u00eda sido anteriormente ocupado por Fernando L\u00e1zaro Carreter, el anterior director la RAE, lo cual ha sido un honor para el perro ingl\u00e9s, que le dec\u00eda Reverte.<\/p><a name=\"teMiddle1208162001\"><\/a><div class=\"te_div\" id=\"te1208162001\">\n<p>Javier Marias ya fue propuesto hace doce a\u00f1os para entrar en la Academia, pero debido a que su padre \u2014el fil\u00f3sofo <a href=\"http:\/\/es.wikipedia.org\/wiki\/Juli%C3%A1n_Mar%C3%ADas_Aguilera\">Julian Marias<\/a>\u2014 ya formaba parte de la misma, no le parec\u00eda correcto pertenecer a \u00e9l tambi\u00e9n. Aseguraba que lo m\u00e1s probable es que acusaran a su padre de nepotismo, cosa que aborrec\u00eda con toda su alma. Aleg\u00f3 que \u00abmientras estuviera \u00e9l vivo hab\u00eda suficientes <i>Mar\u00edas <\/i>en la Academia\u00bb. Sin embargo, su padre falleci\u00f3 hace aproximadamente seis meses.<\/p>\n<p>Justo una hora despu\u00e9s de producirse la votaci\u00f3n, Javier Mar\u00edas se encontr\u00f3 con los periodistas en el C\u00edrculo de Bellas Artes de Madrid. \u00abEs un verdadero honor que una instituci\u00f3n laica, culta e independiente me acoja como miembro. Tiene tres siglos de antig\u00fcedad y en toda su historia ha dado numeros\u00edsimos motivos de satisfacci\u00f3n. Ha sido independiente durante todo el franquismo. Mi padre, muerto hace seis meses, permaneci\u00f3 en la Academia durante 40 a\u00f1os. Por eso es para m\u00ed un honor por partida doble\u00bb.<\/p>\n<p>He de reconocer que no he le\u00eddo ning\u00fan libro del <a href=\"http:\/\/es.wikipedia.org\/wiki\/Reino_de_Redonda\">Rey de Redonda<\/a>, pero durante los \u00faltimos dos meses he comenzado a aficionarme a sus art\u00edculos del suplemento del domingo, de forma que se va a convertir en un habitual como el de Reverte. Supongo que alg\u00fan d\u00eda tendr\u00e9 que hablar de Arturo Perez-Reverte en este blog, puesto que lo considero la persona m\u00e1s sensata de toda Espa\u00f1a y espero a que lleguen los domingos para leer sus art\u00edculos, pero esta es otra historia. El caso es que Javier Marias se est\u00e1 convirtiendo ya en otro habitual para mi. Creo que los dos tienen las ideas muy claras y razonables, y lo exponen sin pelos en la lengua, como ha de ser. Y son unas de las pocas personas que siguen creyendo actualmente en el honor, el respeto y la educaci\u00f3n, algo que desgraciadamente les falta a demasiado.<\/p>\n<p>Como escritor, lo tengo en asignaturas pendientes, pero ha sido traducido a m\u00e1s de 30 idiomas y publicado en m\u00e1s de 40 p\u00e1ises, y ha sido un innovador en la literatura castellana.<\/p>\n<p>Mi enhorabuena a Javier!<\/p>\n<p>V\u00eda: <a href=\"http:\/\/www.elpais.com\/articulo\/cultura\/Javier\/Marias\/entra\/Academia\/elpporcul\/20060630elpepicul_1\/Tes\">El Pais<\/a><br \/><a href=\"http:\/\/www.javiermarias.es\/main.html\">Web no oficial de Javier Marias<\/a><\/p>\n<\/div><p style=\"text-align: center;\"><a style=\"display:none;\" class=\"theTag\" id=\"te1208162001\" onClick=\"expand('#te1208162001');\" href=\"#teMiddle1208162001\"><\/a><\/p><script language=\"JavaScript\" type=\"text\/javascript\">expander_hide('#te1208162001');<\/script>","protected":false},"excerpt":{"rendered":"<p>El escritor Javier Marias fue ayer elegido para ocupar la letra R en la Real Academia Espa\u00f1ola de la Lengua.La votaci\u00f3n fue favorable por m\u00e1s de dos tercios de la c\u00e1mara \u2014en la primera votaci\u00f3n\u2014 lo cual es considerado bastante meritorio debido a que pocos acad\u00e9micos son aceptados a la primera \u2014generalmente, se realiza una &hellip; <\/p>\n<p class=\"link-more\"><a href=\"https:\/\/www.tiendadeultramarinos.es\/?p=4\" class=\"more-link\">Seguir leyendo<span class=\"screen-reader-text\"> \u00abJavier Marias entra en la RAE\u00bb<\/span><\/a><\/p>\n","protected":false},"author":1,"featured_media":0,"comment_status":"open","ping_status":"open","sticky":false,"template":"","format":"standard","meta":{"footnotes":""},"categories":[33,7],"tags":[207,538,306],"class_list":["post-4","post","type-post","status-publish","format-standard","hentry","category-actualidad","category-artes-y-letras","tag-javier-marias","tag-lengua","tag-rae","entry"],"_links":{"self":[{"href":"https:\/\/www.tiendadeultramarinos.es\/index.php?rest_route=\/wp\/v2\/posts\/4","targetHints":{"allow":["GET"]}}],"collection":[{"href":"https:\/\/www.tiendadeultramarinos.es\/index.php?rest_route=\/wp\/v2\/posts"}],"about":[{"href":"https:\/\/www.tiendadeultramarinos.es\/index.php?rest_route=\/wp\/v2\/types\/post"}],"author":[{"embeddable":true,"href":"https:\/\/www.tiendadeultramarinos.es\/index.php?rest_route=\/wp\/v2\/users\/1"}],"replies":[{"embeddable":true,"href":"https:\/\/www.tiendadeultramarinos.es\/index.php?rest_route=%2Fwp%2Fv2%2Fcomments&post=4"}],"version-history":[{"count":3,"href":"https:\/\/www.tiendadeultramarinos.es\/index.php?rest_route=\/wp\/v2\/posts\/4\/revisions"}],"predecessor-version":[{"id":1284,"href":"https:\/\/www.tiendadeultramarinos.es\/index.php?rest_route=\/wp\/v2\/posts\/4\/revisions\/1284"}],"wp:attachment":[{"href":"https:\/\/www.tiendadeultramarinos.es\/index.php?rest_route=%2Fwp%2Fv2%2Fmedia&parent=4"}],"wp:term":[{"taxonomy":"category","embeddable":true,"href":"https:\/\/www.tiendadeultramarinos.es\/index.php?rest_route=%2Fwp%2Fv2%2Fcategories&post=4"},{"taxonomy":"post_tag","embeddable":true,"href":"https:\/\/www.tiendadeultramarinos.es\/index.php?rest_route=%2Fwp%2Fv2%2Ftags&post=4"}],"curies":[{"name":"wp","href":"https:\/\/api.w.org\/{rel}","templated":true}]}}