{"id":464,"date":"2009-01-27T01:25:35","date_gmt":"2009-01-27T00:25:35","guid":{"rendered":"http:\/\/www.tiendadeultramarinos.es\/?p=464"},"modified":"2010-08-26T20:19:37","modified_gmt":"2010-08-26T18:19:37","slug":"leopoldo-abadia-en-huesca","status":"publish","type":"post","link":"https:\/\/www.tiendadeultramarinos.es\/?p=464","title":{"rendered":"Leopoldo Abad\u00eda en Huesca"},"content":{"rendered":"<p>Siempre que puedo intento avisar con tiempo, pero hoy me he enterado a las seis de la tarde de que <a href=\"http:\/\/www.radiohuesca.com\/Hemeroteca\/Noticia.aspx?codigo=445904\">Leopoldo Abad\u00eda iba a dar una charla en el Centro Cultural de Ibercaja<\/a> (a.k.a. la biblioteca de Duquesa de Villahermosa). He enga\u00f1ado a algunos amigos para ir y la verdad es que ha merecido la pena.<\/p>\n<p>A estas alturas todo el mundo sabe de qui\u00e9n estoy hablando, y si no lo relacion\u00e1is por el nombre, dir\u00e9 que es el se\u00f1or que explica la crisis econ\u00f3mica con los <strong>ninja<\/strong> (no income, no job &amp; assets), que ha estado en m\u00e1s de una ocasi\u00f3n en Buenafuente y, seg\u00fan ha contado hoy, en muchos otros programas.<\/p><a name=\"teMiddle1404243547\"><\/a><div class=\"te_div\" id=\"te1404243547\">\n<p align=\"center\"><object width=\"425\" height=\"344\"><param name=\"movie\" value=\"http:\/\/www.youtube.com\/v\/lU-j2mIwOpE&#038;hl=es&#038;fs=1\"><\/param><param name=\"allowFullScreen\" value=\"true\"><\/param><param name=\"allowscriptaccess\" value=\"always\"><\/param><embed src=\"http:\/\/www.youtube.com\/v\/lU-j2mIwOpE&#038;hl=es&#038;fs=1\" type=\"application\/x-shockwave-flash\" allowscriptaccess=\"always\" allowfullscreen=\"true\" width=\"425\" height=\"344\"><\/embed><\/object><\/p>\n<p>Empez\u00f3 a hacerse famoso cuando <a href=\"http:\/\/leopoldoabadia.blogspot.com\/search\/label\/%2B%20ANEXO%201%20Crisis%20NINJA\">escribi\u00f3 su explicaci\u00f3n en un blog creado al efecto<\/a> y que ya ha superado los dos millones de visitas. Es una entrada algo larga que public\u00f3 para abril del a\u00f1o pasado y que va actualizando cada poco tiempo. Recomiendo su completa lectura a quien est\u00e9 interesado en entender por qu\u00e9 estamos en esta enorme crisis.<\/p>\n<p>Por lo que he podido ver, en todas las conferencias cuenta lo mismo (que imagino ser\u00e1 lo que pone actualmente en su blog, yo lo le\u00ed poco despu\u00e9s de publicarlo) porque realmente no hay m\u00e1s. Ha encontrado una forma entretenida, amena y que todo el mundo es capaz de comprender y la cuenta all\u00e1 donde va. Pero merece la pena porque siempre hay algo que a\u00f1ade, un tema en el que se centra m\u00e1s y que siempre resulta interesante. Y pese a la edad que tiene, resulta muy gracioso e ir\u00f3nico todo el tiempo.<\/p>\n<p>Ha insistido durante toda la charla en que no ha estudiado jam\u00e1s econom\u00eda, y que lo sabe se debe a leer diariamente un peri\u00f3dico generalista y otro econ\u00f3mico, pero siempre los mismos. Recomienda a todos hacer esto mismo, leyendo el peri\u00f3dico que sea, pero siempre el mismo. De este modo, al cabo de un tiempo iremos calando a los diferentes escritores y sabremos de qu\u00e9 pie cojean, para as\u00ed tener una opini\u00f3n m\u00e1s clara de lo que escriben. Por lo importante no es lo que diga Fulanito, si no lo que digamos nosotros. Lo importante es tener criterio.<\/p>\n<p>A la pregunta de cu\u00e1ndo acabar\u00e1 la crisis responde que para poder estimar el tiempo, primero hay que saber cu\u00e1nto dinero se calcula que hay perdido y la cifra est\u00e1 entre los 100 000 millones de d\u00f3lares y los 3 trillones y pico de d\u00f3lares, es decir, que nadie lo sabe. Lo que s\u00ed sabe es que no la levantar\u00e1n los gobiernos sino t\u00fa, y yo; o lo que es lo mismo, la iniciativa privada.<\/p>\n<p>Otra visita a Buenafuente: <a href=\"http:\/\/www.youtube.com\/watch?gl=ES&amp;feature=related&amp;hl=es&amp;v=R1gQxBbJjUA\">parte 1<\/a>, <a href=\"http:\/\/www.youtube.com\/watch?gl=ES&amp;hl=es&amp;v=JcldxFx87NY\">parte 2<\/a>.<br \/>\n<a href=\"http:\/\/www.youtube.com\/watch?gl=ES&amp;hl=es&amp;v=pFmYIFk5i1Q\">Dos humoritas brit\u00e1nicos explican el tema de forma similar<\/a>. Apareci\u00f3 en Youtube unas semanas antes de que Leopoldo acudiese a Buenafuente, por lo que mucha gente piensa que les copi\u00f3; pero el art\u00edculo del blog ten\u00eda bastante tiempo.<br \/>\n<a href=\"http:\/\/www.elconfidencial.com\/cache\/2008\/04\/15\/6_chaval_autor_mejor_explicacion_crisis_subprime_economia.html\">Noticia en El Confidencial<\/a>, con muchas frases suyas.<\/p>\n<\/div><p style=\"text-align: center;\"><a style=\"display:none;\" class=\"theTag\" id=\"te1404243547\" onClick=\"expand('#te1404243547');\" href=\"#teMiddle1404243547\"><\/a><\/p><script language=\"JavaScript\" type=\"text\/javascript\">expander_hide('#te1404243547');<\/script>","protected":false},"excerpt":{"rendered":"<p>Siempre que puedo intento avisar con tiempo, pero hoy me he enterado a las seis de la tarde de que Leopoldo Abad\u00eda iba a dar una charla en el Centro Cultural de Ibercaja (a.k.a. la biblioteca de Duquesa de Villahermosa). He enga\u00f1ado a algunos amigos para ir y la verdad es que ha merecido la &hellip; <\/p>\n<p class=\"link-more\"><a href=\"https:\/\/www.tiendadeultramarinos.es\/?p=464\" class=\"more-link\">Seguir leyendo<span class=\"screen-reader-text\"> \u00abLeopoldo Abad\u00eda en Huesca\u00bb<\/span><\/a><\/p>\n","protected":false},"author":1,"featured_media":0,"comment_status":"open","ping_status":"open","sticky":false,"template":"","format":"standard","meta":{"footnotes":""},"categories":[33,14,9],"tags":[453,26,777,452,454],"class_list":["post-464","post","type-post","status-publish","format-standard","hentry","category-actualidad","category-huesca","category-politica","tag-crisis","tag-economia","tag-huesca","tag-leopoldo-abadia","tag-ninja","entry"],"_links":{"self":[{"href":"https:\/\/www.tiendadeultramarinos.es\/index.php?rest_route=\/wp\/v2\/posts\/464","targetHints":{"allow":["GET"]}}],"collection":[{"href":"https:\/\/www.tiendadeultramarinos.es\/index.php?rest_route=\/wp\/v2\/posts"}],"about":[{"href":"https:\/\/www.tiendadeultramarinos.es\/index.php?rest_route=\/wp\/v2\/types\/post"}],"author":[{"embeddable":true,"href":"https:\/\/www.tiendadeultramarinos.es\/index.php?rest_route=\/wp\/v2\/users\/1"}],"replies":[{"embeddable":true,"href":"https:\/\/www.tiendadeultramarinos.es\/index.php?rest_route=%2Fwp%2Fv2%2Fcomments&post=464"}],"version-history":[{"count":4,"href":"https:\/\/www.tiendadeultramarinos.es\/index.php?rest_route=\/wp\/v2\/posts\/464\/revisions"}],"predecessor-version":[{"id":1655,"href":"https:\/\/www.tiendadeultramarinos.es\/index.php?rest_route=\/wp\/v2\/posts\/464\/revisions\/1655"}],"wp:attachment":[{"href":"https:\/\/www.tiendadeultramarinos.es\/index.php?rest_route=%2Fwp%2Fv2%2Fmedia&parent=464"}],"wp:term":[{"taxonomy":"category","embeddable":true,"href":"https:\/\/www.tiendadeultramarinos.es\/index.php?rest_route=%2Fwp%2Fv2%2Fcategories&post=464"},{"taxonomy":"post_tag","embeddable":true,"href":"https:\/\/www.tiendadeultramarinos.es\/index.php?rest_route=%2Fwp%2Fv2%2Ftags&post=464"}],"curies":[{"name":"wp","href":"https:\/\/api.w.org\/{rel}","templated":true}]}}