{"id":469,"date":"2009-01-29T12:55:53","date_gmt":"2009-01-29T11:55:53","guid":{"rendered":"http:\/\/www.tiendadeultramarinos.es\/?p=469"},"modified":"2010-08-26T20:19:37","modified_gmt":"2010-08-26T18:19:37","slug":"cartel-carnaval-2009-reservoir-dogs","status":"publish","type":"post","link":"https:\/\/www.tiendadeultramarinos.es\/?p=469","title":{"rendered":"Cartel Carnaval 2009 Huesca: Reservoir Dogs"},"content":{"rendered":"<p>Acabo de leer en <a href=\"http:\/\/www.radiohuesca.com\/Noticia.aspx?codigo=383785\">RadioHuesca<\/a> que ya han seleccionado el cartel que anunciar\u00e1 la fiesta de Carnaval aqu\u00ed este 2009. Y se nota, por su sencillez y utilizar s\u00f3lo una silueta, que este a\u00f1o han intentado que ning\u00fan colectivo se sienta insultado en \u00e9l, como ha pasado \u00faltimamente. Y adem\u00e1s, a m\u00ed me recordaba a un cartel de cine, pero no lo relacionaba.<\/p>\n<p><a href=\"http:\/\/www.diariodelaltoaragon.es\/NoticiasDetalle.aspx?Id=275452\" title=\"carnaval2009\"><\/a><\/p><a name=\"teMiddle189306784\"><\/a><div class=\"te_div\" id=\"te189306784\">\n<p style=\"text-align: center\"><a href=\"http:\/\/www.diariodelaltoaragon.es\/NoticiasDetalle.aspx?Id=275452\" title=\"carnaval2009\"><img decoding=\"async\" src=\"https:\/\/www.tiendadeultramarinos.es\/wordpress\/wp-content\/uploads\/carnaval2009.jpg\" alt=\"carnaval2009\" \/><\/a><\/p>\n<p>Mira que me sonaba, y yo buscando noticias he llegado a la correspondiente de <a href=\"http:\/\/www.diariodelaltoaragon.es\/NoticiasDetalle.aspx?Id=275452\">El Diario del Altoarag\u00f3n <\/a>(de donde he obtenido esta foto, cortada por m\u00ed, original de Pablo Segura). All\u00ed el primer comentario, acertad\u00edsimo, pregunta <em>\u00ab\u00bfReservoir Dogs?<\/em>\u00bb y lo firma por Mutan. <strong>Efectivamente<\/strong>.<\/p>\n<p><a href=\"https:\/\/www.tiendadeultramarinos.es\/wordpress\/wp-content\/uploads\/reservoir-dogs_1.jpg\" title=\"reservoir dogs\"><\/a><\/p>\n<p style=\"text-align: center\"><a href=\"https:\/\/www.tiendadeultramarinos.es\/wordpress\/wp-content\/uploads\/reservoir-dogs_1.jpg\" title=\"reservoir dogs\"><img decoding=\"async\" src=\"https:\/\/www.tiendadeultramarinos.es\/wordpress\/wp-content\/uploads\/reservoir-dogs_1.jpg\" alt=\"reservoir dogs\" width=\"80%\" \/><\/a><\/p>\n<p>\u00bfInspiraci\u00f3n o plagio?<\/p>\n<p>Cuidado, que igual el \u00abcolectivo de cin\u00e9filos\u00bb se siente atacado con este cartel, que la gente es muy dada a estas cosas.<\/p>\n<p><strong>ACTUALIZADO<\/strong><br \/>\nPues me he quedado con la mosca detr\u00e1s de la oreja, porque a m\u00ed me recuerda a otra y he encontrado cierto aire con <a href=\"http:\/\/cartelia.labutaca.net\/fotos\/h\/lahabitaciondelpanico.jpg\">La Habitaci\u00f3n del P\u00e1nico<\/a>. Tambi\u00e9n hay a qui\u00e9n dice que le recuerda a <a href=\"http:\/\/microcritic.files.wordpress.com\/2008\/07\/eldiadelabestia.jpg\">El d\u00eda de la bestia<\/a>. Y m\u00e1s de uno ha pensado en <a href=\"http:\/\/parecequefueayer.espaciolatino.com\/no_dormirg.jpg\">Historias para no dormir<\/a>. Voy entendiendo lo de \u00ab<em>est\u00e9tica cinematogr\u00e1fica<\/em>\u00bb que se\u00f1ala el Altoarag\u00f3n.<\/p>\n<p>\u00a1Premio para el que encuentre algo mejor!<\/p>\n<\/div><p style=\"text-align: center;\"><a style=\"display:none;\" class=\"theTag\" id=\"te189306784\" onClick=\"expand('#te189306784');\" href=\"#teMiddle189306784\"><\/a><\/p><script language=\"JavaScript\" type=\"text\/javascript\">expander_hide('#te189306784');<\/script>","protected":false},"excerpt":{"rendered":"<p>Acabo de leer en RadioHuesca que ya han seleccionado el cartel que anunciar\u00e1 la fiesta de Carnaval aqu\u00ed este 2009. Y se nota, por su sencillez y utilizar s\u00f3lo una silueta, que este a\u00f1o han intentado que ning\u00fan colectivo se sienta insultado en \u00e9l, como ha pasado \u00faltimamente. Y adem\u00e1s, a m\u00ed me recordaba a &hellip; <\/p>\n<p class=\"link-more\"><a href=\"https:\/\/www.tiendadeultramarinos.es\/?p=469\" class=\"more-link\">Seguir leyendo<span class=\"screen-reader-text\"> \u00abCartel Carnaval 2009 Huesca: Reservoir Dogs\u00bb<\/span><\/a><\/p>\n","protected":false},"author":1,"featured_media":0,"comment_status":"open","ping_status":"open","sticky":false,"template":"","format":"standard","meta":{"footnotes":""},"categories":[33,13,14],"tags":[464,465,777,466,467],"class_list":["post-469","post","type-post","status-publish","format-standard","hentry","category-actualidad","category-cine","category-huesca","tag-carnaval","tag-cartel","tag-huesca","tag-plagio","tag-reservoir-dogs","entry"],"_links":{"self":[{"href":"https:\/\/www.tiendadeultramarinos.es\/index.php?rest_route=\/wp\/v2\/posts\/469","targetHints":{"allow":["GET"]}}],"collection":[{"href":"https:\/\/www.tiendadeultramarinos.es\/index.php?rest_route=\/wp\/v2\/posts"}],"about":[{"href":"https:\/\/www.tiendadeultramarinos.es\/index.php?rest_route=\/wp\/v2\/types\/post"}],"author":[{"embeddable":true,"href":"https:\/\/www.tiendadeultramarinos.es\/index.php?rest_route=\/wp\/v2\/users\/1"}],"replies":[{"embeddable":true,"href":"https:\/\/www.tiendadeultramarinos.es\/index.php?rest_route=%2Fwp%2Fv2%2Fcomments&post=469"}],"version-history":[{"count":1,"href":"https:\/\/www.tiendadeultramarinos.es\/index.php?rest_route=\/wp\/v2\/posts\/469\/revisions"}],"predecessor-version":[{"id":1656,"href":"https:\/\/www.tiendadeultramarinos.es\/index.php?rest_route=\/wp\/v2\/posts\/469\/revisions\/1656"}],"wp:attachment":[{"href":"https:\/\/www.tiendadeultramarinos.es\/index.php?rest_route=%2Fwp%2Fv2%2Fmedia&parent=469"}],"wp:term":[{"taxonomy":"category","embeddable":true,"href":"https:\/\/www.tiendadeultramarinos.es\/index.php?rest_route=%2Fwp%2Fv2%2Fcategories&post=469"},{"taxonomy":"post_tag","embeddable":true,"href":"https:\/\/www.tiendadeultramarinos.es\/index.php?rest_route=%2Fwp%2Fv2%2Ftags&post=469"}],"curies":[{"name":"wp","href":"https:\/\/api.w.org\/{rel}","templated":true}]}}