{"id":488,"date":"2009-02-09T19:28:42","date_gmt":"2009-02-09T18:28:42","guid":{"rendered":"http:\/\/www.tiendadeultramarinos.es\/?p=488"},"modified":"2009-02-10T10:23:16","modified_gmt":"2009-02-10T09:23:16","slug":"actualizado-a-wordpress-27","status":"publish","type":"post","link":"https:\/\/www.tiendadeultramarinos.es\/?p=488","title":{"rendered":"Actualizado a WordPress 2.7"},"content":{"rendered":"<p>Cuando me cambi\u00e9 a <a href=\"https:\/\/www.tiendadeultramarinos.es\/?p=1\">este dominio<\/a>, lo hice bajo la \u00faltima versi\u00f3n de WordPress entonces, la 2.3.3. Desde entonces todav\u00eda no hab\u00eda actualizado.<\/p>\n<p>Una mezcla entre pereza y la m\u00e1xima \u00ab<em>Si funciona, no lo toques<\/em>\u00bb fueron las principales consecuencias.<\/p><a name=\"teMiddle39408556\"><\/a><div class=\"te_div\" id=\"te39408556\">\n<p>Llevo desde que <a href=\"https:\/\/www.tiendadeultramarinos.es\/?p=425\">entregu\u00e9 el proyecto<\/a>, y con el consiguiente tiempo libre, plante\u00e1ndome en darle un repasito al blog, y finalmente hoy me he decidido a actualizar a la nueva versi\u00f3n: WordPress 2.7.<\/p>\n<p>Jam\u00e1s hab\u00eda actualizado y ya ni recordaba c\u00f3mo fue la primera vez que lo puse en marcha, as\u00ed que como estas cosas son muy delicadas y acojonan un rato, primero me he dedicado a hacer backup del blog, tanto desde el gestor MySQL de mi hosting como desde la opci\u00f3n \u00abexportar\u00bb que ofrece WordPress.<\/p>\n<p>Sin embargo, todo ha ido sobre ruedas y no he tenido problema alguno. De paso he optado por actualizar todos los plugins, que la mayor\u00eda tambi\u00e9n estaban desactualizados.<\/p>\n<p>La nueva interfaz es muy <em>dospuntocero<\/em>, con sus esquinitas redondeadas y bloques m\u00f3viles. Aunque todav\u00eda no ubique las cosas parece m\u00e1s organizado y pr\u00e1ctico, as\u00ed todo ser\u00e1 acostumbrarse a la barra lateral y olvidarse de la superior.<\/p>\n<p>Me ha hecho gracia la cajetilla de \u00abpost r\u00e1pido\u00bb, as\u00ed que estoy escribiendo desde all\u00ed, como era previsible. No creo que la utilice mucho porque con lo que suelo enrollarme no es c\u00f3modo, pero ah\u00ed est\u00e1. Como pega principal, s\u00f3lo se pueden poner etiquetas, y no categor\u00edas; yo prefiero manejarme con las segundas.<\/p>\n<p>Por ahora me parece que anda todo bien, pero si veis algo raro no dudeis en avisarme.<\/p>\n<p>Tambi\u00e9n me est\u00e1 picando el gusanillo de cambiar el tema, que \u00e9ste ya tiene tiempo. Me sigue gustando porque es suficientemente simple, pero igual cambio a otra cosa.<\/p>\n<\/div><p style=\"text-align: center;\"><a style=\"display:none;\" class=\"theTag\" id=\"te39408556\" onClick=\"expand('#te39408556');\" href=\"#teMiddle39408556\"><\/a><\/p><script language=\"JavaScript\" type=\"text\/javascript\">expander_hide('#te39408556');<\/script>","protected":false},"excerpt":{"rendered":"<p>Cuando me cambi\u00e9 a este dominio, lo hice bajo la \u00faltima versi\u00f3n de WordPress entonces, la 2.3.3. Desde entonces todav\u00eda no hab\u00eda actualizado. Una mezcla entre pereza y la m\u00e1xima \u00abSi funciona, no lo toques\u00bb fueron las principales consecuencias. Llevo desde que entregu\u00e9 el proyecto, y con el consiguiente tiempo libre, plante\u00e1ndome en darle un &hellip; <\/p>\n<p class=\"link-more\"><a href=\"https:\/\/www.tiendadeultramarinos.es\/?p=488\" class=\"more-link\">Seguir leyendo<span class=\"screen-reader-text\"> \u00abActualizado a WordPress 2.7\u00bb<\/span><\/a><\/p>\n","protected":false},"author":1,"featured_media":0,"comment_status":"open","ping_status":"open","sticky":false,"template":"","format":"standard","meta":{"footnotes":""},"categories":[10],"tags":[482,781,143],"class_list":["post-488","post","type-post","status-publish","format-standard","hentry","category-introspeccion","tag-actualizacion","tag-wordpress","tag-yo","entry"],"_links":{"self":[{"href":"https:\/\/www.tiendadeultramarinos.es\/index.php?rest_route=\/wp\/v2\/posts\/488","targetHints":{"allow":["GET"]}}],"collection":[{"href":"https:\/\/www.tiendadeultramarinos.es\/index.php?rest_route=\/wp\/v2\/posts"}],"about":[{"href":"https:\/\/www.tiendadeultramarinos.es\/index.php?rest_route=\/wp\/v2\/types\/post"}],"author":[{"embeddable":true,"href":"https:\/\/www.tiendadeultramarinos.es\/index.php?rest_route=\/wp\/v2\/users\/1"}],"replies":[{"embeddable":true,"href":"https:\/\/www.tiendadeultramarinos.es\/index.php?rest_route=%2Fwp%2Fv2%2Fcomments&post=488"}],"version-history":[{"count":3,"href":"https:\/\/www.tiendadeultramarinos.es\/index.php?rest_route=\/wp\/v2\/posts\/488\/revisions"}],"predecessor-version":[{"id":494,"href":"https:\/\/www.tiendadeultramarinos.es\/index.php?rest_route=\/wp\/v2\/posts\/488\/revisions\/494"}],"wp:attachment":[{"href":"https:\/\/www.tiendadeultramarinos.es\/index.php?rest_route=%2Fwp%2Fv2%2Fmedia&parent=488"}],"wp:term":[{"taxonomy":"category","embeddable":true,"href":"https:\/\/www.tiendadeultramarinos.es\/index.php?rest_route=%2Fwp%2Fv2%2Fcategories&post=488"},{"taxonomy":"post_tag","embeddable":true,"href":"https:\/\/www.tiendadeultramarinos.es\/index.php?rest_route=%2Fwp%2Fv2%2Ftags&post=488"}],"curies":[{"name":"wp","href":"https:\/\/api.w.org\/{rel}","templated":true}]}}