{"id":731,"date":"2009-08-05T14:09:18","date_gmt":"2009-08-05T13:09:18","guid":{"rendered":"http:\/\/www.tiendadeultramarinos.es\/?p=731"},"modified":"2009-08-05T17:27:02","modified_gmt":"2009-08-05T16:27:02","slug":"731","status":"publish","type":"post","link":"https:\/\/www.tiendadeultramarinos.es\/?p=731","title":{"rendered":"Ya estamos de prelaurentis"},"content":{"rendered":"<p style=\"text-align: left;\"><span style=\"color: #0A0;\">Como todos los a\u00f1os, durante la semana de antes de San Lorenzo, ya se respira por las calles el ambiente laurentino. Los veladores est\u00e1n m\u00e1s llenos que otros d\u00edas de verano, hay conciertos casi cada d\u00eda, actividades de toda \u00edndole, todos los locales en los que todav\u00eda no hab\u00eda una maceta de albahaca se han apresurado a darle ese olor tan caracter\u00edstico a su comercio, y las Pe\u00f1as Recreativas Oscenses han puesto sus chiringuitos en Los Porches para que todos podamos hacernos socios de nuestra favorita <strong>*<\/strong>.<\/span><\/p>\n<p style=\"text-align: left;\"><span style=\"color: #0A0;\">Pero sin duda, lo que realmente nos recuerda que estamos a un paso de las Fiestas, son los regalos que hace cada a\u00f1o el Diario del Altoarag\u00f3n. A\u00f1os y a\u00f1os de todo tipo de regalos de dudosa utilidad y hortera dise\u00f1o, pero que todo <em>huesquetadepro<\/em> sabe adorar y apreciar como se merecen. Estoy seguro de que las ventas del peri\u00f3dico los d\u00edas que regalan uno de estos objetos, se disparan en comparaci\u00f3n con el d\u00eda a d\u00eda. Del mismo modo que con el especial del d\u00eda 10: <strong>el que no compra el peri\u00f3dico ese d\u00eda es que no es ni oscense ni es nada<\/strong>.<\/span><\/p><a name=\"teMiddle2130640746\"><\/a><div class=\"te_div\" id=\"te2130640746\">\n<p style=\"text-align: left;\"><span style=\"color: #0A0;\">Lo maravilloso de este a\u00f1o es, que como <a href=\"http:\/\/huescaesverde.blogspot.com\/2009\/07\/el-regalo-del-diario.html\">destacaba Karlos en su blog<\/a>, este a\u00f1o no hay uno, \u00a1sino dos regalos! que, como pod\u00e9is ver en el banner adjunto que aparece en la p\u00e1gina del <a href=\"http:\/\/www.diariodelaltoaragon.es\/\">Diario del Altoarag\u00f3n<\/a>, son una mariconera y un gorro de paja plegable. No me extiendo en la enumeraci\u00f3n de otros regalos porque ya lo ha hecho Karlos, y sus lectores lo han ampliado y discutido sobre los mejores.<br \/>\n<\/span>\n<\/p>\n<p style=\"text-align: center;\"><a href=\"https:\/\/www.tiendadeultramarinos.es\/wordpress\/wp-content\/uploads\/regalos.gif\"><img decoding=\"async\" title=\"regalos\" src=\"https:\/\/www.tiendadeultramarinos.es\/wordpress\/wp-content\/uploads\/regalos.gif\" alt=\"regalos\" width=\"90%\" \/><\/a><\/p>\n<p style=\"text-align: left;\"><span style=\"color: #0A0;\">Yo, como no pod\u00eda ser de otra forma, ya tengo en mi poder desde esta ma\u00f1ana el bolso, y espero con ans\u00edas el viernes para poder conseguir el gorro plegable, que ser\u00e1 el verdadero regalazo de este a\u00f1o.<\/span><\/p>\n<p style=\"text-align: left;\"><span style=\"color: #0A0;\">Os pongo las fotos con otras adquisiciones de a\u00f1os anteriores que he encontrado rebuscando en alg\u00fan caj\u00f3n. Destacar que <strong>el reloj, tras varios a\u00f1os, sigue siendo capaz de hacer sonar la tonadilla de San Lorenzo<\/strong>.<\/span><\/p>\n<p style=\"text-align: center;\"><a href=\"https:\/\/www.tiendadeultramarinos.es\/wordpress\/wp-content\/uploads\/cerrado.jpg\"><img decoding=\"async\" class=\"size-medium wp-image-735 aligncenter\" title=\"cerrado\" src=\"https:\/\/www.tiendadeultramarinos.es\/wordpress\/wp-content\/uploads\/cerrado-400x300.jpg\" alt=\"cerrado\" width=\"50%\" srcset=\"https:\/\/www.tiendadeultramarinos.es\/wordpress\/wp-content\/uploads\/cerrado-400x300.jpg 400w, https:\/\/www.tiendadeultramarinos.es\/wordpress\/wp-content\/uploads\/cerrado-600x450.jpg 600w, https:\/\/www.tiendadeultramarinos.es\/wordpress\/wp-content\/uploads\/cerrado.jpg 1229w\" sizes=\"(max-width: 400px) 100vw, 400px\" \/><\/a><\/p>\n<p style=\"text-align: left;\"><span style=\"color: #0A0;\">Atentos en la siguiente al detalle de dentro, que est\u00e1 forrado de pl\u00e1stico para que podamos subir dinero y objetos personales al chupinazo, en lugar de utilizar el cl\u00e1sico plastiquete viejo con el que te dan las tarjetas y libretas en Iberjaca, que todos los a\u00f1os se convierte en un inesperado billetero-impermeable.<\/span><\/p>\n<p style=\"text-align: center;\"><a href=\"https:\/\/www.tiendadeultramarinos.es\/wordpress\/wp-content\/uploads\/abierto.jpg\"><img decoding=\"async\" class=\"size-medium wp-image-736 aligncenter\" title=\"abierto\" src=\"https:\/\/www.tiendadeultramarinos.es\/wordpress\/wp-content\/uploads\/abierto-400x300.jpg\" alt=\"abierto\" width=\"50%\" srcset=\"https:\/\/www.tiendadeultramarinos.es\/wordpress\/wp-content\/uploads\/abierto-400x300.jpg 400w, https:\/\/www.tiendadeultramarinos.es\/wordpress\/wp-content\/uploads\/abierto-600x450.jpg 600w, https:\/\/www.tiendadeultramarinos.es\/wordpress\/wp-content\/uploads\/abierto.jpg 1229w\" sizes=\"(max-width: 400px) 100vw, 400px\" \/><\/a><\/p>\n<p style=\"text-align: left;\">\n<p><span style=\"color: #339966;\"><strong>*<\/strong><\/span><span style=\"color: #0A0;font-size:0.78em\"> (O, para ser sinceros, los mercenarios como yo nos hacemos de la que mejores ofertas den. Cuando los grupos me gustaban, no dudaba en hacerme de la Laurentina. Luego de la Zoiti, que era la unica que invitaba a cubatas cada noche. Y este a\u00f1o <strong>quiz\u00e1s<\/strong> La Parrilla mejore la apuesta al ofrecer lo mismo, salvo el 10 que son dos cubatas. Claro, que cuando cree mi propia Pe\u00f1a con <em>remoj\u00f3n<\/em> todas las noches no me quedar\u00e1 otra que permanecer fiel.)<\/span><\/p>\n<\/div><p style=\"text-align: center;\"><a style=\"display:none;\" class=\"theTag\" id=\"te2130640746\" onClick=\"expand('#te2130640746');\" href=\"#teMiddle2130640746\"><\/a><\/p><script language=\"JavaScript\" type=\"text\/javascript\">expander_hide('#te2130640746');<\/script>","protected":false},"excerpt":{"rendered":"<p>Como todos los a\u00f1os, durante la semana de antes de San Lorenzo, ya se respira por las calles el ambiente laurentino. Los veladores est\u00e1n m\u00e1s llenos que otros d\u00edas de verano, hay conciertos casi cada d\u00eda, actividades de toda \u00edndole, todos los locales en los que todav\u00eda no hab\u00eda una maceta de albahaca se han &hellip; <\/p>\n<p class=\"link-more\"><a href=\"https:\/\/www.tiendadeultramarinos.es\/?p=731\" class=\"more-link\">Seguir leyendo<span class=\"screen-reader-text\"> \u00abYa estamos de prelaurentis\u00bb<\/span><\/a><\/p>\n","protected":false},"author":1,"featured_media":0,"comment_status":"open","ping_status":"open","sticky":false,"template":"","format":"standard","meta":{"footnotes":""},"categories":[33,14],"tags":[549,777,226],"class_list":["post-731","post","type-post","status-publish","format-standard","hentry","category-actualidad","category-huesca","tag-fiestas","tag-huesca","tag-san-lorenzo","entry"],"_links":{"self":[{"href":"https:\/\/www.tiendadeultramarinos.es\/index.php?rest_route=\/wp\/v2\/posts\/731","targetHints":{"allow":["GET"]}}],"collection":[{"href":"https:\/\/www.tiendadeultramarinos.es\/index.php?rest_route=\/wp\/v2\/posts"}],"about":[{"href":"https:\/\/www.tiendadeultramarinos.es\/index.php?rest_route=\/wp\/v2\/types\/post"}],"author":[{"embeddable":true,"href":"https:\/\/www.tiendadeultramarinos.es\/index.php?rest_route=\/wp\/v2\/users\/1"}],"replies":[{"embeddable":true,"href":"https:\/\/www.tiendadeultramarinos.es\/index.php?rest_route=%2Fwp%2Fv2%2Fcomments&post=731"}],"version-history":[{"count":11,"href":"https:\/\/www.tiendadeultramarinos.es\/index.php?rest_route=\/wp\/v2\/posts\/731\/revisions"}],"predecessor-version":[{"id":747,"href":"https:\/\/www.tiendadeultramarinos.es\/index.php?rest_route=\/wp\/v2\/posts\/731\/revisions\/747"}],"wp:attachment":[{"href":"https:\/\/www.tiendadeultramarinos.es\/index.php?rest_route=%2Fwp%2Fv2%2Fmedia&parent=731"}],"wp:term":[{"taxonomy":"category","embeddable":true,"href":"https:\/\/www.tiendadeultramarinos.es\/index.php?rest_route=%2Fwp%2Fv2%2Fcategories&post=731"},{"taxonomy":"post_tag","embeddable":true,"href":"https:\/\/www.tiendadeultramarinos.es\/index.php?rest_route=%2Fwp%2Fv2%2Ftags&post=731"}],"curies":[{"name":"wp","href":"https:\/\/api.w.org\/{rel}","templated":true}]}}