{"id":8,"date":"2006-07-06T09:05:00","date_gmt":"2006-07-06T08:05:00","guid":{"rendered":"http:\/\/blog.tiendadeultramarinos.es\/?p=8"},"modified":"2010-05-16T19:48:07","modified_gmt":"2010-05-16T17:48:07","slug":"el-guion-y-la-raya","status":"publish","type":"post","link":"https:\/\/www.tiendadeultramarinos.es\/?p=8","title":{"rendered":"El gui\u00f3n y la raya"},"content":{"rendered":"<p>Bien, recientemente os coment\u00e9 que hab\u00eda <a href=\"https:\/\/www.tiendadeultramarinos.es\/?p=6\">cambiado el gui\u00f3n de mi teclado por la raya<\/a>. Bueno, realmente no elimin\u00e9 el gui\u00f3n (junto a shift derecho), sino que a\u00f1ad\u00ed la raya con la alternativa gr\u00e1fica.<\/p>\n<p>Seguramente mucha gente se preguntar\u00e1 \u00bfY por qu\u00e9 ese cambio? Bien, yo tambi\u00e9n me lo hubiera preguntado hace un par de meses, antes de conocer el <a href=\"http:\/\/www.rae.es\/rae\/gestores\/gespub000005.nsf\/voTodosporId\/9EC6550B682C24A7C12570BB004BCEEA?OpenDocument\">Diccionario Panhisp\u00e1nico de Dudas<\/a> (DPD) que la <a href=\"http:\/\/es.wikipedia.org\/wiki\/Real_Academia_Espa%C3%B1ola\">RAE<\/a>, junto con las otras <a href=\"http:\/\/es.wikipedia.org\/wiki\/Categor%C3%ADa:Academias_de_la_lengua_espa%C3%B1ola\">22 Academias de la Lengua<\/a> de Latinoam\u00e9rica, ha editado para solventar posibles dudas gram\u00e1ticales, ortogr\u00e1ficas o sint\u00e1cticas que pudieran tener los hispanohablantes todos. Y no creo que sean pocas puesto que este diccionario ha sido la respuesta a las aproximadamente 50 000 preguntas anuales realizadas a todas las academias.<\/p><a name=\"teMiddle1898856721\"><\/a><div class=\"te_div\" id=\"te1898856721\">\n<p>El diccionario en s\u00ed lo ten\u00eda en casa hace tiempo, aunque a\u00fan no le he echado el ojo porque apenas estoy en casa.  Pero finalmente, descubr\u00ed un art\u00edculo del ensayista Ferran Toutain en el que hac\u00eda menci\u00f3n al DPD y entr\u00e9 en la web de la RAE a buscar informaci\u00f3n, y el caso es que tienen <a href=\"http:\/\/buscon.rae.es\/dpdI\/\">servicio de b\u00fasquedas<\/a> para el mismo. Todo lo relacionado con el art\u00edculo de Toutain y m\u00e1s informaci\u00f3n acerca del Diccionario Panhisp\u00e1nico <a href=\"http:\/\/www.felizonia.com\/cgi-bin\/YaBB\/YaBB.cgi?board=offtopic;action=display;num=1148312483;start=2\">lo coment\u00e9 en un hilo<\/a> del foro Felizonia, as\u00ed que os invito a leerlo. Era acerca de las incorrecciones ling\u00fcisticas en que se cae cuando se quiere ser pol\u00edticamente correcto.<\/p>\n<p>Total, que cuando no s\u00e9 que hacer, o me surge alg\u00fan tipo de duda, acudo al DPD a buscar informaci\u00f3n y a aprender a utilizar mejor la lengua de Cervantes. Y como adem\u00e1s de poder buscar tus propios lemas, tiene una <a href=\"http:\/\/buscon.rae.es\/dpdI\/html\/arttema.htm\">secci\u00f3n de art\u00edculos tem\u00e1ticos<\/a> \u2014que imagino les habr\u00e1n parecido de especial inter\u00e9s poner aparte\u2014 a veces voy ley\u00e9ndome algunos.<\/p>\n<p>Pues el caso es que tienen un par de art\u00edculos que me llamaron la atenci\u00f3n, el correspondiente a <a href=\"http:\/\/buscon.rae.es\/dpdI\/SrvltGUIBusDPD?lema=raya\">raya <\/a>(\u2014) y <a href=\"http:\/\/buscon.rae.es\/dpdI\/SrvltGUIBusDPD?lema=guion2%20o%20gui%F3n\">gui\u00f3n <\/a>(-). Ambos s\u00edmbolos, que por separado puede parecer el mismo, y juntos puedes pensar que no tengan distinci\u00f3n alguna, son muy distintos si nos atenemos a sus usos.<\/p>\n<p>El gui\u00f3n es normalmente utilizado para unir palabras, bien sea para formar otras nuevas compuestas, nombres propios relacionados, o creaci\u00f3n de relaciones entre sustantivos o adjetivos. Sin embargo, la raya, es com\u00fanmente utilizada para crear incisos en el texto, de temas no tan aislados como en el uso de los par\u00e9ntesis, ni tan cercanos como en el de las comas. As\u00ed como para aclaraciones dentro de par\u00e9ntesis. Por otro lado, tambi\u00e9n es empleada para preceder a los di\u00e1logos donde no se menciona al hablante. Otro de sus usos es como para introducir o enmarcar los comentarios de los narradores en las intervenciones de los personajes.<\/p>\n<p>Vistos los usos, me di cuenta que la raya era un s\u00edmbolo suficientemente \u00fatil como para no tenerlo a mano, as\u00ed que por eso me decid\u00ed a a\u00f1adir ese car\u00e1cter como la alternativa gr\u00e1fica al gui\u00f3n normal. Al que se le ocurri\u00f3 hacer el teclado espa\u00f1ol no s\u00e9 por qu\u00e9 incluy\u00f3 caracteres in\u00fatiles como el acento circunflejo (^) o el grave (`) siendo que s\u00f3lo los usan en Francia, y m\u00e1s siendo que se han dejado algunos como la raya (\u2014)  o las comillas angulares (\u00ab \u00bb), que realmente s\u00ed que se usar\u00edan.<\/p>\n<p>Y hasta aqu\u00ed el curso gratuito de lengua espa\u00f1ola.<\/p>\n<hr \/>\n<p><a href=\"https:\/\/www.tiendadeultramarinos.es\/?p=38\">Usos de la raya en la gram\u00e1tica inglesa<\/a>.<\/p>\n<\/div><p style=\"text-align: center;\"><a style=\"display:none;\" class=\"theTag\" id=\"te1898856721\" onClick=\"expand('#te1898856721');\" href=\"#teMiddle1898856721\"><\/a><\/p><script language=\"JavaScript\" type=\"text\/javascript\">expander_hide('#te1898856721');<\/script>","protected":false},"excerpt":{"rendered":"<p>Bien, recientemente os coment\u00e9 que hab\u00eda cambiado el gui\u00f3n de mi teclado por la raya. Bueno, realmente no elimin\u00e9 el gui\u00f3n (junto a shift derecho), sino que a\u00f1ad\u00ed la raya con la alternativa gr\u00e1fica. Seguramente mucha gente se preguntar\u00e1 \u00bfY por qu\u00e9 ese cambio? Bien, yo tambi\u00e9n me lo hubiera preguntado hace un par de &hellip; <\/p>\n<p class=\"link-more\"><a href=\"https:\/\/www.tiendadeultramarinos.es\/?p=8\" class=\"more-link\">Seguir leyendo<span class=\"screen-reader-text\"> \u00abEl gui\u00f3n y la raya\u00bb<\/span><\/a><\/p>\n","protected":false},"author":1,"featured_media":0,"comment_status":"open","ping_status":"open","sticky":false,"template":"","format":"standard","meta":{"footnotes":""},"categories":[7,8],"tags":[],"class_list":["post-8","post","type-post","status-publish","format-standard","hentry","category-artes-y-letras","category-reflexiones","entry"],"_links":{"self":[{"href":"https:\/\/www.tiendadeultramarinos.es\/index.php?rest_route=\/wp\/v2\/posts\/8","targetHints":{"allow":["GET"]}}],"collection":[{"href":"https:\/\/www.tiendadeultramarinos.es\/index.php?rest_route=\/wp\/v2\/posts"}],"about":[{"href":"https:\/\/www.tiendadeultramarinos.es\/index.php?rest_route=\/wp\/v2\/types\/post"}],"author":[{"embeddable":true,"href":"https:\/\/www.tiendadeultramarinos.es\/index.php?rest_route=\/wp\/v2\/users\/1"}],"replies":[{"embeddable":true,"href":"https:\/\/www.tiendadeultramarinos.es\/index.php?rest_route=%2Fwp%2Fv2%2Fcomments&post=8"}],"version-history":[{"count":1,"href":"https:\/\/www.tiendadeultramarinos.es\/index.php?rest_route=\/wp\/v2\/posts\/8\/revisions"}],"predecessor-version":[{"id":1136,"href":"https:\/\/www.tiendadeultramarinos.es\/index.php?rest_route=\/wp\/v2\/posts\/8\/revisions\/1136"}],"wp:attachment":[{"href":"https:\/\/www.tiendadeultramarinos.es\/index.php?rest_route=%2Fwp%2Fv2%2Fmedia&parent=8"}],"wp:term":[{"taxonomy":"category","embeddable":true,"href":"https:\/\/www.tiendadeultramarinos.es\/index.php?rest_route=%2Fwp%2Fv2%2Fcategories&post=8"},{"taxonomy":"post_tag","embeddable":true,"href":"https:\/\/www.tiendadeultramarinos.es\/index.php?rest_route=%2Fwp%2Fv2%2Ftags&post=8"}],"curies":[{"name":"wp","href":"https:\/\/api.w.org\/{rel}","templated":true}]}}