{"id":805,"date":"2009-09-01T02:03:42","date_gmt":"2009-09-01T00:03:42","guid":{"rendered":"http:\/\/www.tiendadeultramarinos.es\/?p=805"},"modified":"2009-09-01T02:25:36","modified_gmt":"2009-09-01T00:25:36","slug":"obuxofest09","status":"publish","type":"post","link":"https:\/\/www.tiendadeultramarinos.es\/?p=805","title":{"rendered":"OBUXOFEST&#8217;09"},"content":{"rendered":"<p>Muchas palabras nuevas habr\u00eda que incluir en el diccionario para relatar todo lo que se pudo ver este fin de semana en Javierrelatre, pero las dos que dan nombre al evento lo dejan bastante claro: <em>Festival de cine <strong>extra\u00f1o<\/strong> y de <strong>terror<\/strong>.<\/em> Aunque m\u00e1s que extra\u00f1o, lo que se proyecta es totalmente <strong>bizarro<\/strong>.<\/p>\n<p>Mis amigos acudieron el a\u00f1o pasado al <a href=\"http:\/\/www.obuxo.net\">Obuxo<\/a> y me recomendaron encarecidamente que hiciese lo propio este a\u00f1o, a la par que ellos repet\u00edan. Y no me arrepiento en absoluto, es m\u00e1s, ojal\u00e1 el a\u00f1o pasado no hubiese estado liado con el PFC y los septiembres que me impidieron ir.<\/p><a name=\"teMiddle1269188329\"><\/a><div class=\"te_div\" id=\"te1269188329\">\n<p style=\"text-align: center;\"><a href=\"http:\/\/www.obuxo.net\"><img loading=\"lazy\" decoding=\"async\" width=\"420\" height=\"581\" class=\"size-full wp-image-806\" title=\"obuxo09gif\" src=\"https:\/\/www.tiendadeultramarinos.es\/wordpress\/wp-content\/uploads\/obuxo09gif.gif\" alt=\"Cartel del obuxofest09\" srcset=\"https:\/\/www.tiendadeultramarinos.es\/wordpress\/wp-content\/uploads\/obuxo09gif.gif 420w, https:\/\/www.tiendadeultramarinos.es\/wordpress\/wp-content\/uploads\/obuxo09gif-289x400.gif 289w\" sizes=\"auto, (max-width: 420px) 100vw, 420px\" \/><\/a><\/p>\n<p>Javierrelatre es un peque\u00f1o pueblo de menos de 100 habitantes perteneciente al municipio de Caldearenas (por donde pasa el canfranero). Desde Huesca se puede llegar desde un desv\u00edo mal\u00edsimo (la carretera es algo peor desde aqu\u00ed, pero lo m\u00e1s feo es coger el desv\u00edo en s\u00ed desde la carretera principal) nada m\u00e1s finalizar el puerto de Monrep\u00f3s, o dando una peque\u00f1a vuelta, desde Hostal de Ipi\u00e9s.<\/p>\n<p>Pocos pueden imaginar que en un lugar as\u00ed se den cita, por octavo a\u00f1o consecutivo, una horda de aficionados a las pel\u00edculas de serie-Z, y se presenten cortos de alt\u00edsima calidad sobre temas exta\u00f1os y terror\u00edficos. Todo acompa\u00f1ado de diversas actividades y un ambiente inmejorable. Y para rizar el rizo la zona de acampada es el propio cementerio antiguo, pegado a la <a href=\"http:\/\/www.romanicoaragones.com\/0-Jacetania\/70-Javierrelatre.htm\">iglesia rom\u00e1nica<\/a> que domina el pueblo.<\/p>\n<p>Casi todos los actos estuvieron amenizados por <a href=\"http:\/\/www.losmancusos.com\/\">Los Mancusos,<\/a> un grupo de teatro de Zaragoza integrado por tres j\u00f3venes que hicieron las delicias de todos los asistentes. El mismo viernes representaron su espect\u00e1culo <em>Tres Contra Cientos<\/em> (creo) y las carcajadas inundaron la carpa con cada sketch \u00ab<em>o como ellos prefieron llamarlos \u00abpeque\u00f1as obras de teatro con un tono c\u00f3mico\u00bb<\/em>\u00bb. <a href=\"http:\/\/www.losmancusos.com\/videos\">En su web pueden verse cuatro de ellos<\/a>.<\/p>\n<p style=\"text-align: center;\"><object width=\"425\" height=\"344\"><param name=\"movie\" value=\"http:\/\/www.youtube.com\/v\/Hx5desp-ZEc&#038;hl=en&#038;fs=1&#038;rel=0\"><\/param><param name=\"allowFullScreen\" value=\"true\"><\/param><param name=\"allowscriptaccess\" value=\"always\"><\/param><embed src=\"http:\/\/www.youtube.com\/v\/Hx5desp-ZEc&#038;hl=en&#038;fs=1&#038;rel=0\" type=\"application\/x-shockwave-flash\" allowscriptaccess=\"always\" allowfullscreen=\"true\" width=\"425\" height=\"344\"><\/embed><\/object><\/p>\n<p>Despu\u00e9s de la actuaci\u00f3n, una queimada calent\u00f3 las gargantas de todos y alej\u00f3 los <em>Mouchos, coruxas, sapos e bruxas<\/em> de todos los que pudieron tomarla. Era muy necesaria, pues a continuaci\u00f3n iban a proyectar <em>Ellos robaron la picha de Hitler<\/em>, la \u00faltima pel\u00edcula de Pedro Temboury, el mismo que dirigi\u00f3 en 2001 <em>Karate a muerte en torremolinos<\/em>. Debo confesar que no he visto la de Karate (pero ya est\u00e1 downloading), y ni sab\u00eda que tambi\u00e9n era el director hasta que \u00e9l mismo me lo dijo, pero me pareci\u00f3 un tio de puta madre y me descojon\u00e9 de lo lindo con su pel\u00edcula de la picha. <a href=\"http:\/\/www.youtube.com\/watch?v=nw2s6fzGP6E\">Aqu\u00ed<\/a> pod\u00e9is verle hablando de la pel\u00edcula y algunas escenas de la misma.<\/p>\n<p style=\"text-align: center;\"><object width=\"425\" height=\"344\" data=\"http:\/\/www.youtube.com\/v\/9ytsJO8diSE&amp;hl=en&amp;fs=1&amp;rel=0\" type=\"application\/x-shockwave-flash\"><param name=\"allowFullScreen\" value=\"true\" \/><param name=\"allowscriptaccess\" value=\"always\" \/><param name=\"src\" value=\"http:\/\/www.youtube.com\/v\/9ytsJO8diSE&amp;hl=en&amp;fs=1&amp;rel=0\" \/><param name=\"allowfullscreen\" value=\"true\" \/><\/object><\/p>\n<p>Al d\u00eda siguiente apareci\u00f3 en el Heraldo de Arag\u00f3n una <a href=\"http:\/\/www.heraldo.es\/noticias\/4fc37_un_dia_momias_queimadas.html\">acertada cr\u00f3nica de lo acaecido el viernes<\/a>.<\/p>\n<p>El s\u00e1bado pudimos disfrutar de otro \u00abpelicul\u00f3n\u00bb: <em>Poultrygeist, Night of the Chicken Dead<\/em>, la \u00faltima del consagrado Lloyd Kaufman, fundador de <strong>TROMA<\/strong>, productora dedicada exclusivamente al cine cutre-gore-ochentero de serie-B, con t\u00edtulos como Los Surfistas Nazis deben morir, El Cond\u00f3n asesino, El Monstruo del armario, Mutantes en la Universidad, Sargento Kabukiman, El Vengador T\u00f3xico&#8230; En la residencia tuve un par de amigos completamente frikis de este tipo de pel\u00edculas, y como cualquier aficionado al g\u00e9nero ten\u00edan a TROMA en un pedestal. Por su culpa he podido ver algunas de las que he nombrado antes, y otras del estilo como <em>Tu madre se ha comido a mi perro<\/em> (con el aliciente de estar rodada por el mismo que El Se\u00f1or de los Anillos).<\/p>\n<p>El s\u00e1bado tambi\u00e9n fue la segunda proyecci\u00f3n de cortos y me arrepent\u00ed enormemente de haberme perdido la primera, pero pensamos que hasta la actuaci\u00f3n de Los Mancusos no hab\u00eda nada. Por lo menos tuve la suerte de que los dos ganadores y la menci\u00f3n especial fueron proyectados este d\u00eda, as\u00ed que al menos vi lo mejor, y la verdad es que me gustaron bastante. Casi se echa en falta que pongan m\u00e1s. Supuestamente hab\u00edan recibido 300 t\u00edtulos, pero s\u00f3lo emitieron 12. Quiz\u00e1s alargar las sesiones, o a\u00f1adir alguna otra en los m\u00faltiples ratos <strong>muertos<\/strong> (y nunca mejor dicho) ser\u00edan buenos ideas para mejorar un festival cuya \u00fanica pega es esa, que s\u00f3lo proyecten 12 cortos.<\/p>\n<p>El ganador fue <strong>Mi amor vive en las alcantarillas<\/strong>, una completa bizarrada protagonizada con un pobre chico de treintaitantos que todav\u00eda vive con sus padres y se enamora de un ser que vive en las alcantarillas y con el que mantiene relaciones sexuales a trav\u00e9s de la taza del water. S\u00ed, la parte \u00abextra\u00f1a\u00bb del festival. El segundo premio fue para <strong>Tras los visillos<\/strong>, aportando el toque de terror con una magn\u00edfica trama sobre asesinos y operaciones faciales. Pese a la calidad de todos los que vi, y lo dif\u00edcil de seleccionar los mejores, creo que estoy muy de acuerdo con este podium.<\/p>\n<p>Tambi\u00e9n me gustar\u00eda mencionar, ya que me gust\u00f3 much\u00edsimo aunque no tuviese apenas relaci\u00f3n con la tem\u00e1tica del festival, el corto <strong>THE END<\/strong> ambientado en un futuro no necesariamente muy lejano en el que todo se ha convertido en un secarral en el que el agua es el bien m\u00e1s preciado, los camiones cisterna son protegidos por la polic\u00eda, y hay grupos organizados que se dedican a robarla al m\u00e1s puro estilo de los asaltantes a los trenes de los <em>westerns<\/em>. Por lo visto <a href=\"http:\/\/www.heraldo.es\/noticias\/cultura\/eduardo_chapero_jackson_presenta_the_end_western_apocaliptico.html\">fue presentado en la EXPOZaragoza<\/a>, en donde s\u00ed que fue un tema de lo m\u00e1s apropiado.<\/p>\n<p>Despu\u00e9s de la proyecci\u00f3n de cortos hab\u00eda convocada una divertida Manifestaci\u00f3n de Momias a la que la mayor\u00eda de asistentes acudimos con nuestros mejores vendajes. Hubo gente que se trajo sus propias vendas de casa y se curr\u00f3 los disfraces, pero fuimos muchos los que aprovechamos el papel higi\u00e9nico que la organizaci\u00f3n puso a nuestra disposici\u00f3n para disfrazarnos con mayor o menor \u00e9xito. Yo s\u00f3lo consegu\u00ed que se me aguantaran los vendajes en la cabeza, aunque desconozco con qu\u00e9 pintas.<\/p>\n<p>La <em>mummywalk<\/em> terminaba en la carpa, donde Los Twangs amenizaron el final de la noche con su movido rockabilly.<\/p>\n<p style=\"text-align: center;\"><object width=\"425\" height=\"344\" data=\"http:\/\/www.youtube.com\/v\/zDjSYWKwLvc&amp;hl=en&amp;fs=1&amp;rel=0\" type=\"application\/x-shockwave-flash\"><param name=\"allowFullScreen\" value=\"true\" \/><param name=\"allowscriptaccess\" value=\"always\" \/><param name=\"src\" value=\"http:\/\/www.youtube.com\/v\/zDjSYWKwLvc&amp;hl=en&amp;fs=1&amp;rel=0\" \/><param name=\"allowfullscreen\" value=\"true\" \/><\/object><\/p>\n<p>Durante todo el fin de semana cualquiera pod\u00eda grabar un videominuto y presentarlo a concurso el \u00faltimo d\u00eda, con la condici\u00f3n de que apareciese una momia y la frase \u00abcubo de pedos\u00bb. Hubo muchas formas de decir la frase, especialmente como insulto, o apareciendo un pozal que era utilizado para expulsar en el las flatulencias, pero me gustar\u00eda destacar la m\u00e1s ingeniosa, que dec\u00eda m\u00e1s o menos el siguiente texto mientras escrib\u00eda en un papel los s\u00edmbolos correspondientes:<br \/>\n\u00ab<em>Si sumamos el Presente (P) y el Pasado (P) obtenemos Dos Pe (2P), que nos da la f\u00f3rmula de la vida si la elevamos al cubo (2P)\u00b3, con lo que tenemos El cubo de Pe Dos<\/em>\u00ab.<\/p>\n<p>Se presentaron unos 10 \u00f3 12 videominutos, muy originales y frescos, y el ganador fue <a href=\"http:\/\/zaragozame.com\/cine\/momia-historia-de-una-vida\/\">Momia, historia de una vida<\/a>. Nosotros no participamos a falta de medios e ideas, pero me parece una actividad muy bien pensada y espero que nos animemos al a\u00f1o que viene.<\/p>\n<p>Antes del visionado de videominutos y la entrega de premios con los que se clausur\u00f3 el festival, organizaron la \u00abcomida canibal\u00bb, que b\u00e1sicamente consisti\u00f3 en una gigantesca olla de <a href=\"http:\/\/grupopastores.coop\/index.php?archivo=calderetas\">caldereta<\/a> para todos los asistentes, habitantes del pueblo, y todo el que pasase por el lugar.<\/p>\n<p>Para terminar este tocho, lo \u00fanico que puedo decir es que me he perdido siete ediciones de este festival, pero que me lo pas\u00e9 tan bien y vi un ambiente tan fant\u00e1stico, que espero no perderme ninguno m\u00e1s. Tambi\u00e9n dan <a href=\"http:\/\/www.radiohuesca.com\/Hemeroteca\/Noticia.aspx?codigo=459962\">la noticia del festival en Radio Huesca<\/a>.<\/p>\n<\/div><p style=\"text-align: center;\"><a style=\"display:none;\" class=\"theTag\" id=\"te1269188329\" onClick=\"expand('#te1269188329');\" href=\"#teMiddle1269188329\"><\/a><\/p><script language=\"JavaScript\" type=\"text\/javascript\">expander_hide('#te1269188329');<\/script>","protected":false},"excerpt":{"rendered":"<p>Muchas palabras nuevas habr\u00eda que incluir en el diccionario para relatar todo lo que se pudo ver este fin de semana en Javierrelatre, pero las dos que dan nombre al evento lo dejan bastante claro: Festival de cine extra\u00f1o y de terror. Aunque m\u00e1s que extra\u00f1o, lo que se proyecta es totalmente bizarro. Mis amigos &hellip; <\/p>\n<p class=\"link-more\"><a href=\"https:\/\/www.tiendadeultramarinos.es\/?p=805\" class=\"more-link\">Seguir leyendo<span class=\"screen-reader-text\"> \u00abOBUXOFEST&#8217;09\u00bb<\/span><\/a><\/p>\n","protected":false},"author":1,"featured_media":0,"comment_status":"open","ping_status":"open","sticky":false,"template":"","format":"standard","meta":{"footnotes":""},"categories":[33,13,14],"tags":[560,776,561,352,563,777,559,562],"class_list":["post-805","post","type-post","status-publish","format-standard","hentry","category-actualidad","category-cine","category-huesca","tag-bizarro","tag-cine","tag-cortos","tag-festival","tag-gore","tag-huesca","tag-terror","tag-troma","entry"],"_links":{"self":[{"href":"https:\/\/www.tiendadeultramarinos.es\/index.php?rest_route=\/wp\/v2\/posts\/805","targetHints":{"allow":["GET"]}}],"collection":[{"href":"https:\/\/www.tiendadeultramarinos.es\/index.php?rest_route=\/wp\/v2\/posts"}],"about":[{"href":"https:\/\/www.tiendadeultramarinos.es\/index.php?rest_route=\/wp\/v2\/types\/post"}],"author":[{"embeddable":true,"href":"https:\/\/www.tiendadeultramarinos.es\/index.php?rest_route=\/wp\/v2\/users\/1"}],"replies":[{"embeddable":true,"href":"https:\/\/www.tiendadeultramarinos.es\/index.php?rest_route=%2Fwp%2Fv2%2Fcomments&post=805"}],"version-history":[{"count":6,"href":"https:\/\/www.tiendadeultramarinos.es\/index.php?rest_route=\/wp\/v2\/posts\/805\/revisions"}],"predecessor-version":[{"id":809,"href":"https:\/\/www.tiendadeultramarinos.es\/index.php?rest_route=\/wp\/v2\/posts\/805\/revisions\/809"}],"wp:attachment":[{"href":"https:\/\/www.tiendadeultramarinos.es\/index.php?rest_route=%2Fwp%2Fv2%2Fmedia&parent=805"}],"wp:term":[{"taxonomy":"category","embeddable":true,"href":"https:\/\/www.tiendadeultramarinos.es\/index.php?rest_route=%2Fwp%2Fv2%2Fcategories&post=805"},{"taxonomy":"post_tag","embeddable":true,"href":"https:\/\/www.tiendadeultramarinos.es\/index.php?rest_route=%2Fwp%2Fv2%2Ftags&post=805"}],"curies":[{"name":"wp","href":"https:\/\/api.w.org\/{rel}","templated":true}]}}