{"id":9,"date":"2006-07-07T11:44:00","date_gmt":"2006-07-07T10:44:00","guid":{"rendered":"http:\/\/blog.tiendadeultramarinos.es\/?p=9"},"modified":"2006-07-07T11:44:00","modified_gmt":"2006-07-07T10:44:00","slug":"las-noticias-de-verano","status":"publish","type":"post","link":"https:\/\/www.tiendadeultramarinos.es\/?p=9","title":{"rendered":"Las noticias de verano"},"content":{"rendered":"<p>No me lo creo. Realmente no me creo que no pase nada de verdad en todo el verano. \u00bfC\u00f3mo es posible que los noticiaros sean tan insoportables? Joder ya est\u00e1 bien, yo creo que los periodistas se quieren quedar con nosotros. No puede ser que lo \u00fanico que ocurra en verano es que las playas se llenen, que la gente se vaya de vacaciones y que hace mucho calor.<\/p>\n<p>Nos venden la idea de que no pasa nada que merezca hacer una noticia, pero mi opini\u00f3n es otra. Yo creo que los periodistas sudan de trabajar y elaborar noticias sobre algo importante, o interesante, y se dedican a copiar y pegar las noticias de otros a\u00f1os. Y copiarse entre ellos. He llegado a ver la misma noticia absurda e infumable sobre el calor en tres noticiarios distintos.<\/p>\n<p>Por eso desde aqu\u00ed hago una llamada a la seriedad y a la vuelta de las noticias de verdad. Queremos veranos con informativos decentes, y no la mierda a la que estamos acostumbrados. O por lo menos, para lo que hacen, que los cancelen y repongan el programa de Leticia Sabater en su franja horaria, que merec\u00eda m\u00e1s la pena.<\/p>\n<div id=\"tefake1643781399\" style=\"display: none;\"><div id=\"tefake2643781399\" style=\"display: none;\"><\/div><\/div>","protected":false},"excerpt":{"rendered":"<p>No me lo creo. Realmente no me creo que no pase nada de verdad en todo el verano. \u00bfC\u00f3mo es posible que los noticiaros sean tan insoportables? Joder ya est\u00e1 bien, yo creo que los periodistas se quieren quedar con nosotros. No puede ser que lo \u00fanico que ocurra en verano es que las playas &hellip; <\/p>\n<p class=\"link-more\"><a href=\"https:\/\/www.tiendadeultramarinos.es\/?p=9\" class=\"more-link\">Seguir leyendo<span class=\"screen-reader-text\"> \u00abLas noticias de verano\u00bb<\/span><\/a><\/p>\n","protected":false},"author":1,"featured_media":0,"comment_status":"open","ping_status":"open","sticky":false,"template":"","format":"standard","meta":{"footnotes":""},"categories":[6,8],"tags":[],"class_list":["post-9","post","type-post","status-publish","format-standard","hentry","category-cachondeo","category-reflexiones","entry"],"_links":{"self":[{"href":"https:\/\/www.tiendadeultramarinos.es\/index.php?rest_route=\/wp\/v2\/posts\/9","targetHints":{"allow":["GET"]}}],"collection":[{"href":"https:\/\/www.tiendadeultramarinos.es\/index.php?rest_route=\/wp\/v2\/posts"}],"about":[{"href":"https:\/\/www.tiendadeultramarinos.es\/index.php?rest_route=\/wp\/v2\/types\/post"}],"author":[{"embeddable":true,"href":"https:\/\/www.tiendadeultramarinos.es\/index.php?rest_route=\/wp\/v2\/users\/1"}],"replies":[{"embeddable":true,"href":"https:\/\/www.tiendadeultramarinos.es\/index.php?rest_route=%2Fwp%2Fv2%2Fcomments&post=9"}],"version-history":[{"count":0,"href":"https:\/\/www.tiendadeultramarinos.es\/index.php?rest_route=\/wp\/v2\/posts\/9\/revisions"}],"wp:attachment":[{"href":"https:\/\/www.tiendadeultramarinos.es\/index.php?rest_route=%2Fwp%2Fv2%2Fmedia&parent=9"}],"wp:term":[{"taxonomy":"category","embeddable":true,"href":"https:\/\/www.tiendadeultramarinos.es\/index.php?rest_route=%2Fwp%2Fv2%2Fcategories&post=9"},{"taxonomy":"post_tag","embeddable":true,"href":"https:\/\/www.tiendadeultramarinos.es\/index.php?rest_route=%2Fwp%2Fv2%2Ftags&post=9"}],"curies":[{"name":"wp","href":"https:\/\/api.w.org\/{rel}","templated":true}]}}